{"id":3708,"date":"2021-02-11T20:03:46","date_gmt":"2021-02-11T19:03:46","guid":{"rendered":"https:\/\/maisdonsursevre-steanne.fr\/?p=3708"},"modified":"2021-02-11T20:04:36","modified_gmt":"2021-02-11T19:04:36","slug":"de-la-neige-a-lecole","status":"publish","type":"post","link":"https:\/\/maisdonsursevre-steanne.fr\/?p=3708","title":{"rendered":"De la neige \u00e0 l&#8217;\u00e9cole"},"content":{"rendered":"<p>Aujourd&#8217;hui, jeudi 11 f\u00e9vrier 2021, nous avons eu la surprise d&#8217;avoir de la neige !<\/p>\n<p>Les enfants \u00e9taient ravis de pouvoir en profiter un peu le midi&#8230;<\/p>\n<p>Quelques boules de neige, des anges et m\u00eames de petits bonhommes de neige ont \u00e9t\u00e9 r\u00e9alis\u00e9s, pour le plaisir des enfants !<\/p>\n<p><a href=\"https:\/\/maisdonsursevre-steanne.fr\/wp-content\/uploads\/2021\/02\/0195-11-fevrier-2021.jpg\"><img loading=\"lazy\" decoding=\"async\" class=\"alignnone size-full wp-image-3704\" src=\"https:\/\/maisdonsursevre-steanne.fr\/wp-content\/uploads\/2021\/02\/0195-11-fevrier-2021.jpg\" alt=\"\" width=\"2560\" height=\"1440\" srcset=\"https:\/\/maisdonsursevre-steanne.fr\/wp-content\/uploads\/2021\/02\/0195-11-fevrier-2021.jpg 2560w, https:\/\/maisdonsursevre-steanne.fr\/wp-content\/uploads\/2021\/02\/0195-11-fevrier-2021-300x169.jpg 300w, https:\/\/maisdonsursevre-steanne.fr\/wp-content\/uploads\/2021\/02\/0195-11-fevrier-2021-1024x576.jpg 1024w, https:\/\/maisdonsursevre-steanne.fr\/wp-content\/uploads\/2021\/02\/0195-11-fevrier-2021-768x432.jpg 768w, https:\/\/maisdonsursevre-steanne.fr\/wp-content\/uploads\/2021\/02\/0195-11-fevrier-2021-600x338.jpg 600w, https:\/\/maisdonsursevre-steanne.fr\/wp-content\/uploads\/2021\/02\/0195-11-fevrier-2021-1536x864.jpg 1536w, https:\/\/maisdonsursevre-steanne.fr\/wp-content\/uploads\/2021\/02\/0195-11-fevrier-2021-2048x1152.jpg 2048w, https:\/\/maisdonsursevre-steanne.fr\/wp-content\/uploads\/2021\/02\/0195-11-fevrier-2021-1320x743.jpg 1320w\" sizes=\"(max-width: 2560px) 100vw, 2560px\" \/><\/a> <a href=\"https:\/\/maisdonsursevre-steanne.fr\/wp-content\/uploads\/2021\/02\/0196-11-fevrier-2021.jpg\"><img loading=\"lazy\" decoding=\"async\" class=\"alignnone size-full wp-image-3705\" src=\"https:\/\/maisdonsursevre-steanne.fr\/wp-content\/uploads\/2021\/02\/0196-11-fevrier-2021.jpg\" alt=\"\" width=\"2560\" height=\"1440\" srcset=\"https:\/\/maisdonsursevre-steanne.fr\/wp-content\/uploads\/2021\/02\/0196-11-fevrier-2021.jpg 2560w, https:\/\/maisdonsursevre-steanne.fr\/wp-content\/uploads\/2021\/02\/0196-11-fevrier-2021-300x169.jpg 300w, https:\/\/maisdonsursevre-steanne.fr\/wp-content\/uploads\/2021\/02\/0196-11-fevrier-2021-1024x576.jpg 1024w, https:\/\/maisdonsursevre-steanne.fr\/wp-content\/uploads\/2021\/02\/0196-11-fevrier-2021-768x432.jpg 768w, https:\/\/maisdonsursevre-steanne.fr\/wp-content\/uploads\/2021\/02\/0196-11-fevrier-2021-600x338.jpg 600w, https:\/\/maisdonsursevre-steanne.fr\/wp-content\/uploads\/2021\/02\/0196-11-fevrier-2021-1536x864.jpg 1536w, https:\/\/maisdonsursevre-steanne.fr\/wp-content\/uploads\/2021\/02\/0196-11-fevrier-2021-2048x1152.jpg 2048w, https:\/\/maisdonsursevre-steanne.fr\/wp-content\/uploads\/2021\/02\/0196-11-fevrier-2021-1320x743.jpg 1320w\" sizes=\"(max-width: 2560px) 100vw, 2560px\" \/><\/a> <a href=\"https:\/\/maisdonsursevre-steanne.fr\/wp-content\/uploads\/2021\/02\/0197-11-fevrier-2021.jpg\"><img loading=\"lazy\" decoding=\"async\" class=\"alignnone size-full wp-image-3706\" src=\"https:\/\/maisdonsursevre-steanne.fr\/wp-content\/uploads\/2021\/02\/0197-11-fevrier-2021.jpg\" alt=\"\" width=\"2560\" height=\"1440\" srcset=\"https:\/\/maisdonsursevre-steanne.fr\/wp-content\/uploads\/2021\/02\/0197-11-fevrier-2021.jpg 2560w, https:\/\/maisdonsursevre-steanne.fr\/wp-content\/uploads\/2021\/02\/0197-11-fevrier-2021-300x169.jpg 300w, https:\/\/maisdonsursevre-steanne.fr\/wp-content\/uploads\/2021\/02\/0197-11-fevrier-2021-1024x576.jpg 1024w, https:\/\/maisdonsursevre-steanne.fr\/wp-content\/uploads\/2021\/02\/0197-11-fevrier-2021-768x432.jpg 768w, https:\/\/maisdonsursevre-steanne.fr\/wp-content\/uploads\/2021\/02\/0197-11-fevrier-2021-600x338.jpg 600w, https:\/\/maisdonsursevre-steanne.fr\/wp-content\/uploads\/2021\/02\/0197-11-fevrier-2021-1536x864.jpg 1536w, https:\/\/maisdonsursevre-steanne.fr\/wp-content\/uploads\/2021\/02\/0197-11-fevrier-2021-2048x1152.jpg 2048w, https:\/\/maisdonsursevre-steanne.fr\/wp-content\/uploads\/2021\/02\/0197-11-fevrier-2021-1320x743.jpg 1320w\" sizes=\"(max-width: 2560px) 100vw, 2560px\" \/><\/a> <a href=\"https:\/\/maisdonsursevre-steanne.fr\/wp-content\/uploads\/2021\/02\/0198-11-fevrier-2021.jpg\"><img loading=\"lazy\" decoding=\"async\" class=\"alignnone size-full wp-image-3707\" src=\"https:\/\/maisdonsursevre-steanne.fr\/wp-content\/uploads\/2021\/02\/0198-11-fevrier-2021.jpg\" alt=\"\" width=\"2560\" height=\"1440\" srcset=\"https:\/\/maisdonsursevre-steanne.fr\/wp-content\/uploads\/2021\/02\/0198-11-fevrier-2021.jpg 2560w, https:\/\/maisdonsursevre-steanne.fr\/wp-content\/uploads\/2021\/02\/0198-11-fevrier-2021-300x169.jpg 300w, https:\/\/maisdonsursevre-steanne.fr\/wp-content\/uploads\/2021\/02\/0198-11-fevrier-2021-1024x576.jpg 1024w, https:\/\/maisdonsursevre-steanne.fr\/wp-content\/uploads\/2021\/02\/0198-11-fevrier-2021-768x432.jpg 768w, https:\/\/maisdonsursevre-steanne.fr\/wp-content\/uploads\/2021\/02\/0198-11-fevrier-2021-600x338.jpg 600w, https:\/\/maisdonsursevre-steanne.fr\/wp-content\/uploads\/2021\/02\/0198-11-fevrier-2021-1536x864.jpg 1536w, https:\/\/maisdonsursevre-steanne.fr\/wp-content\/uploads\/2021\/02\/0198-11-fevrier-2021-2048x1152.jpg 2048w, https:\/\/maisdonsursevre-steanne.fr\/wp-content\/uploads\/2021\/02\/0198-11-fevrier-2021-1320x743.jpg 1320w\" sizes=\"(max-width: 2560px) 100vw, 2560px\" \/><\/a><\/p>\n","protected":false},"excerpt":{"rendered":"<p>Aujourd&#8217;hui, jeudi 11 f\u00e9vrier 2021, nous avons eu la surprise d&#8217;avoir de la neige ! Les enfants \u00e9taient ravis de pouvoir en profiter un peu le midi&#8230; Quelques boules de neige, des anges et m\u00eames de petits bonhommes de neige ont \u00e9t\u00e9 r\u00e9alis\u00e9s, pour le plaisir des enfants !<\/p>\n","protected":false},"author":7,"featured_media":3707,"comment_status":"closed","ping_status":"closed","sticky":false,"template":"","format":"standard","meta":{"ngg_post_thumbnail":0,"footnotes":""},"categories":[9],"tags":[],"_links":{"self":[{"href":"https:\/\/maisdonsursevre-steanne.fr\/index.php?rest_route=\/wp\/v2\/posts\/3708"}],"collection":[{"href":"https:\/\/maisdonsursevre-steanne.fr\/index.php?rest_route=\/wp\/v2\/posts"}],"about":[{"href":"https:\/\/maisdonsursevre-steanne.fr\/index.php?rest_route=\/wp\/v2\/types\/post"}],"author":[{"embeddable":true,"href":"https:\/\/maisdonsursevre-steanne.fr\/index.php?rest_route=\/wp\/v2\/users\/7"}],"replies":[{"embeddable":true,"href":"https:\/\/maisdonsursevre-steanne.fr\/index.php?rest_route=%2Fwp%2Fv2%2Fcomments&post=3708"}],"version-history":[{"count":2,"href":"https:\/\/maisdonsursevre-steanne.fr\/index.php?rest_route=\/wp\/v2\/posts\/3708\/revisions"}],"predecessor-version":[{"id":3710,"href":"https:\/\/maisdonsursevre-steanne.fr\/index.php?rest_route=\/wp\/v2\/posts\/3708\/revisions\/3710"}],"wp:featuredmedia":[{"embeddable":true,"href":"https:\/\/maisdonsursevre-steanne.fr\/index.php?rest_route=\/wp\/v2\/media\/3707"}],"wp:attachment":[{"href":"https:\/\/maisdonsursevre-steanne.fr\/index.php?rest_route=%2Fwp%2Fv2%2Fmedia&parent=3708"}],"wp:term":[{"taxonomy":"category","embeddable":true,"href":"https:\/\/maisdonsursevre-steanne.fr\/index.php?rest_route=%2Fwp%2Fv2%2Fcategories&post=3708"},{"taxonomy":"post_tag","embeddable":true,"href":"https:\/\/maisdonsursevre-steanne.fr\/index.php?rest_route=%2Fwp%2Fv2%2Ftags&post=3708"}],"curies":[{"name":"wp","href":"https:\/\/api.w.org\/{rel}","templated":true}]}}