{"id":3645,"date":"2021-02-04T18:55:34","date_gmt":"2021-02-04T17:55:34","guid":{"rendered":"https:\/\/maisdonsursevre-steanne.fr\/?p=3645"},"modified":"2021-02-04T18:57:02","modified_gmt":"2021-02-04T17:57:02","slug":"notre-travail-autour-des-contes","status":"publish","type":"post","link":"https:\/\/maisdonsursevre-steanne.fr\/?p=3645","title":{"rendered":"Notre travail autour des contes"},"content":{"rendered":"<p>Dans la classe, nous travaillons sur les contes dans tous les domaines :<\/p>\n<ul>\n<li>En litt\u00e9rature, en d\u00e9but d&#8217;ann\u00e9e, nous avons \u00e9tudi\u00e9 plusieurs contes traditionnels connus de tous (ou presque).<\/li>\n<li>Nous \u00e9tudions aussi un roman d\u00e9tourn\u00e9, ainsi que le dessin anim\u00e9 : &#8220;Un conte peut en cacher un autre&#8221; de Roald DAHL. Nous adorons !!!! Qu&#8217;est-ce qu&#8217;on rit ! Sacr\u00e9 auteur ce Roald DAHL !<\/li>\n<li>Tous les jours, nos dict\u00e9es-flash sont en lien avec les contes.<\/li>\n<li>Nous apprenons \u00e9galement des po\u00e9sies et des chants en lien avec les contes.<\/li>\n<li>Et en Arts Visuels, depuis le d\u00e9but de l&#8217;ann\u00e9e, nous r\u00e9alisons des productions sur les contes, le loup, le petit chaperon rouge&#8230;<\/li>\n<\/ul>\n<p>Nous avons pr\u00e9sent\u00e9 une partie de notre travail \u00e0 l&#8217;ensemble de l&#8217;\u00e9cole, lors de l&#8217;assembl\u00e9e d&#8217;enfants.<\/p>\n\n\t\t<style type=\"text\/css\">\n\t\t\t#gallery-1 {\n\t\t\t\tmargin: auto;\n\t\t\t}\n\t\t\t#gallery-1 .gallery-item {\n\t\t\t\tfloat: left;\n\t\t\t\tmargin-top: 10px;\n\t\t\t\ttext-align: center;\n\t\t\t\twidth: 33%;\n\t\t\t}\n\t\t\t#gallery-1 img {\n\t\t\t\tborder: 2px solid #cfcfcf;\n\t\t\t}\n\t\t\t#gallery-1 .gallery-caption {\n\t\t\t\tmargin-left: 0;\n\t\t\t}\n\t\t\t\/* see gallery_shortcode() in wp-includes\/media.php *\/\n\t\t<\/style>\n\t\t<div id='gallery-1' class='gallery galleryid-3645 gallery-columns-3 gallery-size-thumbnail'><dl class='gallery-item'>\n\t\t\t<dt class='gallery-icon landscape'>\n\t\t\t\t<a href='https:\/\/maisdonsursevre-steanne.fr\/?attachment_id=3656'><img loading=\"lazy\" decoding=\"async\" width=\"150\" height=\"150\" src=\"https:\/\/maisdonsursevre-steanne.fr\/wp-content\/uploads\/2021\/02\/0187-4-fevrier-2021-150x150.jpg\" class=\"attachment-thumbnail size-thumbnail\" alt=\"\" aria-describedby=\"gallery-1-3656\" \/><\/a>\n\t\t\t<\/dt>\n\t\t\t\t<dd class='wp-caption-text gallery-caption' id='gallery-1-3656'>\n\t\t\t\tNotre travail sur les contes\n\t\t\t\t<\/dd><\/dl><dl class='gallery-item'>\n\t\t\t<dt class='gallery-icon landscape'>\n\t\t\t\t<a href='https:\/\/maisdonsursevre-steanne.fr\/?attachment_id=3661'><img loading=\"lazy\" decoding=\"async\" width=\"150\" height=\"150\" src=\"https:\/\/maisdonsursevre-steanne.fr\/wp-content\/uploads\/2021\/02\/0193-4-fevrier-2021-150x150.jpg\" class=\"attachment-thumbnail size-thumbnail\" alt=\"\" \/><\/a>\n\t\t\t<\/dt><\/dl><dl class='gallery-item'>\n\t\t\t<dt class='gallery-icon landscape'>\n\t\t\t\t<a href='https:\/\/maisdonsursevre-steanne.fr\/?attachment_id=3658'><img loading=\"lazy\" decoding=\"async\" width=\"150\" height=\"150\" src=\"https:\/\/maisdonsursevre-steanne.fr\/wp-content\/uploads\/2021\/02\/0189-4-fevrier-2021-150x150.jpg\" class=\"attachment-thumbnail size-thumbnail\" alt=\"\" aria-describedby=\"gallery-1-3658\" \/><\/a>\n\t\t\t<\/dt>\n\t\t\t\t<dd class='wp-caption-text gallery-caption' id='gallery-1-3658'>\n\t\t\t\tLoups en journaux\n\t\t\t\t<\/dd><\/dl><br style=\"clear: both\" \/><dl class='gallery-item'>\n\t\t\t<dt class='gallery-icon landscape'>\n\t\t\t\t<a href='https:\/\/maisdonsursevre-steanne.fr\/?attachment_id=3659'><img loading=\"lazy\" decoding=\"async\" width=\"150\" height=\"150\" src=\"https:\/\/maisdonsursevre-steanne.fr\/wp-content\/uploads\/2021\/02\/0190-4-fevrier-2021-150x150.jpg\" class=\"attachment-thumbnail size-thumbnail\" alt=\"\" aria-describedby=\"gallery-1-3659\" \/><\/a>\n\t\t\t<\/dt>\n\t\t\t\t<dd class='wp-caption-text gallery-caption' id='gallery-1-3659'>\n\t\t\t\tLoups en sym\u00e9trie\n\t\t\t\t<\/dd><\/dl><dl class='gallery-item'>\n\t\t\t<dt class='gallery-icon landscape'>\n\t\t\t\t<a href='https:\/\/maisdonsursevre-steanne.fr\/?attachment_id=3655'><img loading=\"lazy\" decoding=\"async\" width=\"150\" height=\"150\" src=\"https:\/\/maisdonsursevre-steanne.fr\/wp-content\/uploads\/2021\/02\/0186-4-fevrier-2021-150x150.jpg\" class=\"attachment-thumbnail size-thumbnail\" alt=\"\" aria-describedby=\"gallery-1-3655\" \/><\/a>\n\t\t\t<\/dt>\n\t\t\t\t<dd class='wp-caption-text gallery-caption' id='gallery-1-3655'>\n\t\t\t\tLe Petit Chaperon Rouge d&#8217;apr\u00e8s Rascal\n\t\t\t\t<\/dd><\/dl><dl class='gallery-item'>\n\t\t\t<dt class='gallery-icon landscape'>\n\t\t\t\t<a href='https:\/\/maisdonsursevre-steanne.fr\/?attachment_id=3657'><img loading=\"lazy\" decoding=\"async\" width=\"150\" height=\"150\" src=\"https:\/\/maisdonsursevre-steanne.fr\/wp-content\/uploads\/2021\/02\/0188-4-fevrier-2021-150x150.jpg\" class=\"attachment-thumbnail size-thumbnail\" alt=\"\" aria-describedby=\"gallery-1-3657\" \/><\/a>\n\t\t\t<\/dt>\n\t\t\t\t<dd class='wp-caption-text gallery-caption' id='gallery-1-3657'>\n\t\t\t\tNos personnages du Petit Chaperon Rouge\n\t\t\t\t<\/dd><\/dl><br style=\"clear: both\" \/><dl class='gallery-item'>\n\t\t\t<dt class='gallery-icon landscape'>\n\t\t\t\t<a href='https:\/\/maisdonsursevre-steanne.fr\/?attachment_id=3660'><img loading=\"lazy\" decoding=\"async\" width=\"150\" height=\"150\" src=\"https:\/\/maisdonsursevre-steanne.fr\/wp-content\/uploads\/2021\/02\/0192-4-fevrier-2021-150x150.jpg\" class=\"attachment-thumbnail size-thumbnail\" alt=\"\" aria-describedby=\"gallery-1-3660\" \/><\/a>\n\t\t\t<\/dt>\n\t\t\t\t<dd class='wp-caption-text gallery-caption' id='gallery-1-3660'>\n\t\t\t\tLe Petit Chepron Rouge d&#8217;apr\u00e8s Miro\n\t\t\t\t<\/dd><\/dl><dl class='gallery-item'>\n\t\t\t<dt class='gallery-icon landscape'>\n\t\t\t\t<a href='https:\/\/maisdonsursevre-steanne.fr\/?attachment_id=3644'><img loading=\"lazy\" decoding=\"async\" width=\"150\" height=\"150\" src=\"https:\/\/maisdonsursevre-steanne.fr\/wp-content\/uploads\/2021\/02\/0175-3-fevrier-2021_LI-150x150.jpg\" class=\"attachment-thumbnail size-thumbnail\" alt=\"\" aria-describedby=\"gallery-1-3644\" \/><\/a>\n\t\t\t<\/dt>\n\t\t\t\t<dd class='wp-caption-text gallery-caption' id='gallery-1-3644'>\n\t\t\t\tCM1-CM2 R\u00e9citation\n\t\t\t\t<\/dd><\/dl><dl class='gallery-item'>\n\t\t\t<dt class='gallery-icon landscape'>\n\t\t\t\t<a href='https:\/\/maisdonsursevre-steanne.fr\/?attachment_id=3647'><img loading=\"lazy\" decoding=\"async\" width=\"150\" height=\"150\" src=\"https:\/\/maisdonsursevre-steanne.fr\/wp-content\/uploads\/2021\/02\/0177-3-fevrier-2021_LI-150x150.jpg\" class=\"attachment-thumbnail size-thumbnail\" alt=\"\" aria-describedby=\"gallery-1-3647\" \/><\/a>\n\t\t\t<\/dt>\n\t\t\t\t<dd class='wp-caption-text gallery-caption' id='gallery-1-3647'>\n\t\t\t\tCM1-CM2 Le Petit Chaperon Rouge d&#8217;apr\u00e8s Rascal\n\t\t\t\t<\/dd><\/dl><br style=\"clear: both\" \/><dl class='gallery-item'>\n\t\t\t<dt class='gallery-icon landscape'>\n\t\t\t\t<a href='https:\/\/maisdonsursevre-steanne.fr\/?attachment_id=3648'><img loading=\"lazy\" decoding=\"async\" width=\"150\" height=\"150\" src=\"https:\/\/maisdonsursevre-steanne.fr\/wp-content\/uploads\/2021\/02\/0178-3-fevrier-2021_LI-150x150.jpg\" class=\"attachment-thumbnail size-thumbnail\" alt=\"\" aria-describedby=\"gallery-1-3648\" \/><\/a>\n\t\t\t<\/dt>\n\t\t\t\t<dd class='wp-caption-text gallery-caption' id='gallery-1-3648'>\n\t\t\t\tCM1-CM2 Le Petit chaperon Rouge d&#8217;apr\u00e8s Rascal\n\t\t\t\t<\/dd><\/dl><dl class='gallery-item'>\n\t\t\t<dt class='gallery-icon landscape'>\n\t\t\t\t<a href='https:\/\/maisdonsursevre-steanne.fr\/?attachment_id=3649'><img loading=\"lazy\" decoding=\"async\" width=\"150\" height=\"150\" src=\"https:\/\/maisdonsursevre-steanne.fr\/wp-content\/uploads\/2021\/02\/0180-3-fevrier-2021_LI-150x150.jpg\" class=\"attachment-thumbnail size-thumbnail\" alt=\"\" aria-describedby=\"gallery-1-3649\" \/><\/a>\n\t\t\t<\/dt>\n\t\t\t\t<dd class='wp-caption-text gallery-caption' id='gallery-1-3649'>\n\t\t\t\tCM1-CM2 Arts Visuels\n\t\t\t\t<\/dd><\/dl><dl class='gallery-item'>\n\t\t\t<dt class='gallery-icon landscape'>\n\t\t\t\t<a href='https:\/\/maisdonsursevre-steanne.fr\/?attachment_id=3650'><img loading=\"lazy\" decoding=\"async\" width=\"150\" height=\"150\" src=\"https:\/\/maisdonsursevre-steanne.fr\/wp-content\/uploads\/2021\/02\/0181-3-fevrier-2021_LI-150x150.jpg\" class=\"attachment-thumbnail size-thumbnail\" alt=\"\" aria-describedby=\"gallery-1-3650\" \/><\/a>\n\t\t\t<\/dt>\n\t\t\t\t<dd class='wp-caption-text gallery-caption' id='gallery-1-3650'>\n\t\t\t\tCM1-CM2 Arts Visuels\n\t\t\t\t<\/dd><\/dl><br style=\"clear: both\" \/>\n\t\t<\/div>\n\n","protected":false},"excerpt":{"rendered":"<p>Dans la classe, nous travaillons sur les contes dans tous les domaines : En litt\u00e9rature, en d\u00e9but d&#8217;ann\u00e9e, nous avons \u00e9tudi\u00e9 plusieurs contes traditionnels connus de tous (ou presque). Nous \u00e9tudions aussi un roman d\u00e9tourn\u00e9, ainsi que le dessin anim\u00e9 : &#8220;Un conte peut en cacher un autre&#8221; de Roald DAHL. Nous adorons !!!! Qu&#8217;est-ce&hellip; <br \/> <a class=\"read-more\" href=\"https:\/\/maisdonsursevre-steanne.fr\/?p=3645\">Lire la suite<\/a><\/p>\n","protected":false},"author":7,"featured_media":3656,"comment_status":"closed","ping_status":"closed","sticky":false,"template":"","format":"standard","meta":{"ngg_post_thumbnail":0,"footnotes":""},"categories":[9],"tags":[],"_links":{"self":[{"href":"https:\/\/maisdonsursevre-steanne.fr\/index.php?rest_route=\/wp\/v2\/posts\/3645"}],"collection":[{"href":"https:\/\/maisdonsursevre-steanne.fr\/index.php?rest_route=\/wp\/v2\/posts"}],"about":[{"href":"https:\/\/maisdonsursevre-steanne.fr\/index.php?rest_route=\/wp\/v2\/types\/post"}],"author":[{"embeddable":true,"href":"https:\/\/maisdonsursevre-steanne.fr\/index.php?rest_route=\/wp\/v2\/users\/7"}],"replies":[{"embeddable":true,"href":"https:\/\/maisdonsursevre-steanne.fr\/index.php?rest_route=%2Fwp%2Fv2%2Fcomments&post=3645"}],"version-history":[{"count":1,"href":"https:\/\/maisdonsursevre-steanne.fr\/index.php?rest_route=\/wp\/v2\/posts\/3645\/revisions"}],"predecessor-version":[{"id":3664,"href":"https:\/\/maisdonsursevre-steanne.fr\/index.php?rest_route=\/wp\/v2\/posts\/3645\/revisions\/3664"}],"wp:featuredmedia":[{"embeddable":true,"href":"https:\/\/maisdonsursevre-steanne.fr\/index.php?rest_route=\/wp\/v2\/media\/3656"}],"wp:attachment":[{"href":"https:\/\/maisdonsursevre-steanne.fr\/index.php?rest_route=%2Fwp%2Fv2%2Fmedia&parent=3645"}],"wp:term":[{"taxonomy":"category","embeddable":true,"href":"https:\/\/maisdonsursevre-steanne.fr\/index.php?rest_route=%2Fwp%2Fv2%2Fcategories&post=3645"},{"taxonomy":"post_tag","embeddable":true,"href":"https:\/\/maisdonsursevre-steanne.fr\/index.php?rest_route=%2Fwp%2Fv2%2Ftags&post=3645"}],"curies":[{"name":"wp","href":"https:\/\/api.w.org\/{rel}","templated":true}]}}