{"id":3637,"date":"2021-02-04T18:39:32","date_gmt":"2021-02-04T17:39:32","guid":{"rendered":"https:\/\/maisdonsursevre-steanne.fr\/?p=3637"},"modified":"2021-02-05T14:42:20","modified_gmt":"2021-02-05T13:42:20","slug":"assemblee-denfants-pour-notre-projet-sur-les-contes","status":"publish","type":"post","link":"https:\/\/maisdonsursevre-steanne.fr\/?p=3637","title":{"rendered":"Assembl\u00e9e d&#8217;enfants&#8230; pour notre projet sur les contes."},"content":{"rendered":"\n\t\t<style type=\"text\/css\">\n\t\t\t#gallery-1 {\n\t\t\t\tmargin: auto;\n\t\t\t}\n\t\t\t#gallery-1 .gallery-item {\n\t\t\t\tfloat: left;\n\t\t\t\tmargin-top: 10px;\n\t\t\t\ttext-align: center;\n\t\t\t\twidth: 33%;\n\t\t\t}\n\t\t\t#gallery-1 img {\n\t\t\t\tborder: 2px solid #cfcfcf;\n\t\t\t}\n\t\t\t#gallery-1 .gallery-caption {\n\t\t\t\tmargin-left: 0;\n\t\t\t}\n\t\t\t\/* see gallery_shortcode() in wp-includes\/media.php *\/\n\t\t<\/style>\n\t\t<div id='gallery-1' class='gallery galleryid-3637 gallery-columns-3 gallery-size-thumbnail'><dl class='gallery-item'>\n\t\t\t<dt class='gallery-icon landscape'>\n\t\t\t\t<a href='https:\/\/maisdonsursevre-steanne.fr\/?attachment_id=3641'><img loading=\"lazy\" decoding=\"async\" width=\"150\" height=\"150\" src=\"https:\/\/maisdonsursevre-steanne.fr\/wp-content\/uploads\/2021\/02\/0171-3-fevrier-2021-150x150.jpg\" class=\"attachment-thumbnail size-thumbnail\" alt=\"\" aria-describedby=\"gallery-1-3641\" \/><\/a>\n\t\t\t<\/dt>\n\t\t\t\t<dd class='wp-caption-text gallery-caption' id='gallery-1-3641'>\n\t\t\t\tCE2-CM1 L&#8217;Ogre Gentleman\n\t\t\t\t<\/dd><\/dl><dl class='gallery-item'>\n\t\t\t<dt class='gallery-icon landscape'>\n\t\t\t\t<a href='https:\/\/maisdonsursevre-steanne.fr\/?attachment_id=3644'><img loading=\"lazy\" decoding=\"async\" width=\"150\" height=\"150\" src=\"https:\/\/maisdonsursevre-steanne.fr\/wp-content\/uploads\/2021\/02\/0175-3-fevrier-2021_LI-150x150.jpg\" class=\"attachment-thumbnail size-thumbnail\" alt=\"\" aria-describedby=\"gallery-1-3644\" \/><\/a>\n\t\t\t<\/dt>\n\t\t\t\t<dd class='wp-caption-text gallery-caption' id='gallery-1-3644'>\n\t\t\t\tCM1-CM2 R\u00e9citation\n\t\t\t\t<\/dd><\/dl><dl class='gallery-item'>\n\t\t\t<dt class='gallery-icon landscape'>\n\t\t\t\t<a href='https:\/\/maisdonsursevre-steanne.fr\/?attachment_id=3647'><img loading=\"lazy\" decoding=\"async\" width=\"150\" height=\"150\" src=\"https:\/\/maisdonsursevre-steanne.fr\/wp-content\/uploads\/2021\/02\/0177-3-fevrier-2021_LI-150x150.jpg\" class=\"attachment-thumbnail size-thumbnail\" alt=\"\" aria-describedby=\"gallery-1-3647\" \/><\/a>\n\t\t\t<\/dt>\n\t\t\t\t<dd class='wp-caption-text gallery-caption' id='gallery-1-3647'>\n\t\t\t\tCM1-CM2 Le Petit Chaperon Rouge d&#8217;apr\u00e8s Rascal\n\t\t\t\t<\/dd><\/dl><br style=\"clear: both\" \/><dl class='gallery-item'>\n\t\t\t<dt class='gallery-icon landscape'>\n\t\t\t\t<a href='https:\/\/maisdonsursevre-steanne.fr\/?attachment_id=3648'><img loading=\"lazy\" decoding=\"async\" width=\"150\" height=\"150\" src=\"https:\/\/maisdonsursevre-steanne.fr\/wp-content\/uploads\/2021\/02\/0178-3-fevrier-2021_LI-150x150.jpg\" class=\"attachment-thumbnail size-thumbnail\" alt=\"\" aria-describedby=\"gallery-1-3648\" \/><\/a>\n\t\t\t<\/dt>\n\t\t\t\t<dd class='wp-caption-text gallery-caption' id='gallery-1-3648'>\n\t\t\t\tCM1-CM2 Le Petit chaperon Rouge d&#8217;apr\u00e8s Rascal\n\t\t\t\t<\/dd><\/dl><dl class='gallery-item'>\n\t\t\t<dt class='gallery-icon landscape'>\n\t\t\t\t<a href='https:\/\/maisdonsursevre-steanne.fr\/?attachment_id=3649'><img loading=\"lazy\" decoding=\"async\" width=\"150\" height=\"150\" src=\"https:\/\/maisdonsursevre-steanne.fr\/wp-content\/uploads\/2021\/02\/0180-3-fevrier-2021_LI-150x150.jpg\" class=\"attachment-thumbnail size-thumbnail\" alt=\"\" aria-describedby=\"gallery-1-3649\" \/><\/a>\n\t\t\t<\/dt>\n\t\t\t\t<dd class='wp-caption-text gallery-caption' id='gallery-1-3649'>\n\t\t\t\tCM1-CM2 Arts Visuels\n\t\t\t\t<\/dd><\/dl><dl class='gallery-item'>\n\t\t\t<dt class='gallery-icon landscape'>\n\t\t\t\t<a href='https:\/\/maisdonsursevre-steanne.fr\/?attachment_id=3650'><img loading=\"lazy\" decoding=\"async\" width=\"150\" height=\"150\" src=\"https:\/\/maisdonsursevre-steanne.fr\/wp-content\/uploads\/2021\/02\/0181-3-fevrier-2021_LI-150x150.jpg\" class=\"attachment-thumbnail size-thumbnail\" alt=\"\" aria-describedby=\"gallery-1-3650\" \/><\/a>\n\t\t\t<\/dt>\n\t\t\t\t<dd class='wp-caption-text gallery-caption' id='gallery-1-3650'>\n\t\t\t\tCM1-CM2 Arts Visuels\n\t\t\t\t<\/dd><\/dl><br style=\"clear: both\" \/><dl class='gallery-item'>\n\t\t\t<dt class='gallery-icon landscape'>\n\t\t\t\t<a href='https:\/\/maisdonsursevre-steanne.fr\/?attachment_id=3652'><img loading=\"lazy\" decoding=\"async\" width=\"150\" height=\"150\" src=\"https:\/\/maisdonsursevre-steanne.fr\/wp-content\/uploads\/2021\/02\/0183-3-fevrier-2021-150x150.jpg\" class=\"attachment-thumbnail size-thumbnail\" alt=\"\" aria-describedby=\"gallery-1-3652\" \/><\/a>\n\t\t\t<\/dt>\n\t\t\t\t<dd class='wp-caption-text gallery-caption' id='gallery-1-3652'>\n\t\t\t\tCP-CE1 et CE1-CE2 Le loupe est revenu en Chants\n\t\t\t\t<\/dd><\/dl><dl class='gallery-item'>\n\t\t\t<dt class='gallery-icon landscape'>\n\t\t\t\t<a href='https:\/\/maisdonsursevre-steanne.fr\/?attachment_id=3651'><img loading=\"lazy\" decoding=\"async\" width=\"150\" height=\"150\" src=\"https:\/\/maisdonsursevre-steanne.fr\/wp-content\/uploads\/2021\/02\/0182-3-fevrier-2021-150x150.jpg\" class=\"attachment-thumbnail size-thumbnail\" alt=\"\" aria-describedby=\"gallery-1-3651\" \/><\/a>\n\t\t\t<\/dt>\n\t\t\t\t<dd class='wp-caption-text gallery-caption' id='gallery-1-3651'>\n\t\t\t\tCP-CE1 et CE1-CE2 Le loupe est revenu en Chants\n\t\t\t\t<\/dd><\/dl><dl class='gallery-item'>\n\t\t\t<dt class='gallery-icon landscape'>\n\t\t\t\t<a href='https:\/\/maisdonsursevre-steanne.fr\/?attachment_id=3653'><img loading=\"lazy\" decoding=\"async\" width=\"150\" height=\"150\" src=\"https:\/\/maisdonsursevre-steanne.fr\/wp-content\/uploads\/2021\/02\/0184-4-fevrier-2021-150x150.jpg\" class=\"attachment-thumbnail size-thumbnail\" alt=\"\" aria-describedby=\"gallery-1-3653\" \/><\/a>\n\t\t\t<\/dt>\n\t\t\t\t<dd class='wp-caption-text gallery-caption' id='gallery-1-3653'>\n\t\t\t\tVid\u00e9o Boucle d&#8217;Or\n\t\t\t\t<\/dd><\/dl><br style=\"clear: both\" \/><dl class='gallery-item'>\n\t\t\t<dt class='gallery-icon landscape'>\n\t\t\t\t<a href='https:\/\/maisdonsursevre-steanne.fr\/?attachment_id=3654'><img loading=\"lazy\" decoding=\"async\" width=\"150\" height=\"150\" src=\"https:\/\/maisdonsursevre-steanne.fr\/wp-content\/uploads\/2021\/02\/0185-4-fevrier-2021-150x150.jpg\" class=\"attachment-thumbnail size-thumbnail\" alt=\"\" aria-describedby=\"gallery-1-3654\" \/><\/a>\n\t\t\t<\/dt>\n\t\t\t\t<dd class='wp-caption-text gallery-caption' id='gallery-1-3654'>\n\t\t\t\tVid\u00e9o Le loup la ch\u00e8vre et les 7 chevreaux MS-GS\n\t\t\t\t<\/dd><\/dl>\n\t\t\t<br style='clear: both' \/>\n\t\t<\/div>\n\n<p>Mercredi 2 f\u00e9vrier 2021, nous avons fait une nouvelle assembl\u00e9e d&#8217;enfants : nous nous sommes rassembl\u00e9s sur la cour des primaires afin de partager tous ensemble nos diff\u00e9rents travaux r\u00e9alis\u00e9s autour du th\u00e8me des contes.<\/p>\n<p>En maternelle, les deux classes ont \u00e9tudi\u00e9 un conte et l\u2019ont ensuite retranscrit sous forme d\u2019une vid\u00e9o. Dans chaque classe, nous avons pu voir les deux montages vid\u00e9o. La classe de Marielle et Chlo\u00e9 a travaill\u00e9 sur Boucle d&#8217;Or. Et la classe de Patricia a mis en sc\u00e8ne Le loup, la ch\u00e8vre et les 7 chevreaux. Bravo pour ces beaux projets !<\/p>\n<p>Les classes de M\u00e9lanie et Laurence ont racont\u00e9 en chanson l\u2019histoire du \u00ab Loup est revenu \u00bb (histoire inspir\u00e9e de plusieurs contes traditionnels), projet travaill\u00e9 avec l\u2019intervenante chant de l\u2019\u00e9cole de musique Artissimo.<\/p>\n<p>La classe de Vanessa a pr\u00e9sent\u00e9 \u00ab L\u2019ogre gentleman \u00bb ; l&#8217;histoire a \u00e9t\u00e9 lue et cont\u00e9e par les enfants.<\/p>\n<p>La classe de Julie a propos\u00e9 diff\u00e9rentes activit\u00e9s r\u00e9alis\u00e9es en classe en lien avec les contes : \u00e9tude des contes traditionnels en litt\u00e9rature et \u00e9tude d&#8217;un conte d\u00e9tourn\u00e9 (&#8220;Un conte peut en cacher un autre&#8221;) avec le roman et le dessin anim\u00e9 ; r\u00e9citation de po\u00e9sies, sujets d&#8217;expression \u00e9crite en lien avec les contes ; travaux d\u2019arts visuels inspir\u00e9s des contes&#8230;<\/p>\n<p>Malgr\u00e9 une m\u00e9t\u00e9o mitig\u00e9e et quelques soucis techniques d&#8217;informatique, nous \u00e9tions ravis de partager ce moment tous ensemble !<\/p>\n","protected":false},"excerpt":{"rendered":"<p>Mercredi 2 f\u00e9vrier 2021, nous avons fait une nouvelle assembl\u00e9e d&#8217;enfants : nous nous sommes rassembl\u00e9s sur la cour des primaires afin de partager tous ensemble nos diff\u00e9rents travaux r\u00e9alis\u00e9s autour du th\u00e8me des contes. En maternelle, les deux classes ont \u00e9tudi\u00e9 un conte et l\u2019ont ensuite retranscrit sous forme d\u2019une vid\u00e9o. Dans chaque classe,&hellip; <br \/> <a class=\"read-more\" href=\"https:\/\/maisdonsursevre-steanne.fr\/?p=3637\">Lire la suite<\/a><\/p>\n","protected":false},"author":7,"featured_media":3699,"comment_status":"closed","ping_status":"closed","sticky":false,"template":"","format":"standard","meta":{"ngg_post_thumbnail":0,"footnotes":""},"categories":[20],"tags":[],"_links":{"self":[{"href":"https:\/\/maisdonsursevre-steanne.fr\/index.php?rest_route=\/wp\/v2\/posts\/3637"}],"collection":[{"href":"https:\/\/maisdonsursevre-steanne.fr\/index.php?rest_route=\/wp\/v2\/posts"}],"about":[{"href":"https:\/\/maisdonsursevre-steanne.fr\/index.php?rest_route=\/wp\/v2\/types\/post"}],"author":[{"embeddable":true,"href":"https:\/\/maisdonsursevre-steanne.fr\/index.php?rest_route=\/wp\/v2\/users\/7"}],"replies":[{"embeddable":true,"href":"https:\/\/maisdonsursevre-steanne.fr\/index.php?rest_route=%2Fwp%2Fv2%2Fcomments&post=3637"}],"version-history":[{"count":2,"href":"https:\/\/maisdonsursevre-steanne.fr\/index.php?rest_route=\/wp\/v2\/posts\/3637\/revisions"}],"predecessor-version":[{"id":3663,"href":"https:\/\/maisdonsursevre-steanne.fr\/index.php?rest_route=\/wp\/v2\/posts\/3637\/revisions\/3663"}],"wp:featuredmedia":[{"embeddable":true,"href":"https:\/\/maisdonsursevre-steanne.fr\/index.php?rest_route=\/wp\/v2\/media\/3699"}],"wp:attachment":[{"href":"https:\/\/maisdonsursevre-steanne.fr\/index.php?rest_route=%2Fwp%2Fv2%2Fmedia&parent=3637"}],"wp:term":[{"taxonomy":"category","embeddable":true,"href":"https:\/\/maisdonsursevre-steanne.fr\/index.php?rest_route=%2Fwp%2Fv2%2Fcategories&post=3637"},{"taxonomy":"post_tag","embeddable":true,"href":"https:\/\/maisdonsursevre-steanne.fr\/index.php?rest_route=%2Fwp%2Fv2%2Ftags&post=3637"}],"curies":[{"name":"wp","href":"https:\/\/api.w.org\/{rel}","templated":true}]}}