{"id":3449,"date":"2020-12-09T21:20:26","date_gmt":"2020-12-09T20:20:26","guid":{"rendered":"https:\/\/maisdonsursevre-steanne.fr\/?p=3449"},"modified":"2020-12-09T21:20:26","modified_gmt":"2020-12-09T20:20:26","slug":"debat-philo-la-solidarite","status":"publish","type":"post","link":"https:\/\/maisdonsursevre-steanne.fr\/?p=3449","title":{"rendered":"D\u00e9bat philo&#8230; la solidarit\u00e9"},"content":{"rendered":"<p>Mercredi 9 d\u00e9cembre 2020, nous avons fait un nouveau d\u00e9bat sur le th\u00e8me de la solidarit\u00e9 !<\/p>\n<ul>\n<li>Qu&#8217;est-ce que la solidarit\u00e9 ?<\/li>\n<li>\u00a0Comment peut-on \u00eatre solidaires ?<\/li>\n<\/ul>\n<p>Les \u00e9l\u00e8ves ont mis en avant leurs id\u00e9es et ont r\u00e9agi, en argumentant, aux opinions de leurs camarades.<\/p>\n<p><strong>Paroles d&#8217;enfants<\/strong> :<\/p>\n<p><em>&#8220;La solidarit\u00e9 c&#8217;est s&#8217;entraider.&#8221;<\/em><\/p>\n<p><em>&#8220;C&#8217;est aider les autres. P<\/em><em>ar exemple, quand une personne vit dans la rue et qu&#8217;elle n&#8217;a rien, on peut l&#8217;aider en lui donnant \u00e0 manger ; on est solidaires.&#8221;<\/em><\/p>\n<p><em>&#8220;Etre solidaires c&#8217;est ne pas mettre des personnes de c\u00f4t\u00e9, c&#8217;est \u00eatre soud\u00e9s !&#8221;<\/em><\/p>\n<p><em>&#8220;La solidarit\u00e9, ce n&#8217;est pas toujours quand on donne quelque chose : on peut \u00eatre solidaires si on aide un copain par exemple.&#8221;<\/em><\/p>\n<p><em>&#8220;Etre solidaires c&#8217;est aussi faire en sorte de former un groupe uni, un peu comme une famille.&#8221;<\/em><\/p>\n<p><em>&#8220;Surtout \u00e0 No\u00ebl, c&#8217;est important d&#8217;\u00eatre solidaires. Une fois, j&#8217;ai donn\u00e9 \u00e0 manger et de l&#8217;argent \u00e0 une personne \u00e0 Nantes qui \u00e9tait \u00e0 un feu rouge et qui tenait une pancarte sur laquelle elle avait \u00e9crit qu&#8217;elle aimerait quelque chose \u00e0 manger.&#8221;<\/em><\/p>\n<p><em><a href=\"https:\/\/maisdonsursevre-steanne.fr\/wp-content\/uploads\/2020\/12\/0109.jpg\"><img loading=\"lazy\" decoding=\"async\" class=\"alignnone size-full wp-image-3448\" src=\"https:\/\/maisdonsursevre-steanne.fr\/wp-content\/uploads\/2020\/12\/0109.jpg\" alt=\"La Solidarit\u00e9\" width=\"2560\" height=\"1440\" srcset=\"https:\/\/maisdonsursevre-steanne.fr\/wp-content\/uploads\/2020\/12\/0109.jpg 2560w, https:\/\/maisdonsursevre-steanne.fr\/wp-content\/uploads\/2020\/12\/0109-300x169.jpg 300w, https:\/\/maisdonsursevre-steanne.fr\/wp-content\/uploads\/2020\/12\/0109-1024x576.jpg 1024w, https:\/\/maisdonsursevre-steanne.fr\/wp-content\/uploads\/2020\/12\/0109-768x432.jpg 768w, https:\/\/maisdonsursevre-steanne.fr\/wp-content\/uploads\/2020\/12\/0109-600x338.jpg 600w, https:\/\/maisdonsursevre-steanne.fr\/wp-content\/uploads\/2020\/12\/0109-1536x864.jpg 1536w, https:\/\/maisdonsursevre-steanne.fr\/wp-content\/uploads\/2020\/12\/0109-2048x1152.jpg 2048w, https:\/\/maisdonsursevre-steanne.fr\/wp-content\/uploads\/2020\/12\/0109-1320x743.jpg 1320w\" sizes=\"(max-width: 2560px) 100vw, 2560px\" \/><\/a><br \/>\n<\/em><\/p>\n<p><em>\u00a0<\/em><\/p>\n","protected":false},"excerpt":{"rendered":"<p>Mercredi 9 d\u00e9cembre 2020, nous avons fait un nouveau d\u00e9bat sur le th\u00e8me de la solidarit\u00e9 ! Qu&#8217;est-ce que la solidarit\u00e9 ? \u00a0Comment peut-on \u00eatre solidaires ? Les \u00e9l\u00e8ves ont mis en avant leurs id\u00e9es et ont r\u00e9agi, en argumentant, aux opinions de leurs camarades. Paroles d&#8217;enfants : &#8220;La solidarit\u00e9 c&#8217;est s&#8217;entraider.&#8221; &#8220;C&#8217;est aider les&hellip; <br \/> <a class=\"read-more\" href=\"https:\/\/maisdonsursevre-steanne.fr\/?p=3449\">Lire la suite<\/a><\/p>\n","protected":false},"author":7,"featured_media":3448,"comment_status":"closed","ping_status":"closed","sticky":false,"template":"","format":"standard","meta":{"ngg_post_thumbnail":0,"footnotes":""},"categories":[9],"tags":[],"_links":{"self":[{"href":"https:\/\/maisdonsursevre-steanne.fr\/index.php?rest_route=\/wp\/v2\/posts\/3449"}],"collection":[{"href":"https:\/\/maisdonsursevre-steanne.fr\/index.php?rest_route=\/wp\/v2\/posts"}],"about":[{"href":"https:\/\/maisdonsursevre-steanne.fr\/index.php?rest_route=\/wp\/v2\/types\/post"}],"author":[{"embeddable":true,"href":"https:\/\/maisdonsursevre-steanne.fr\/index.php?rest_route=\/wp\/v2\/users\/7"}],"replies":[{"embeddable":true,"href":"https:\/\/maisdonsursevre-steanne.fr\/index.php?rest_route=%2Fwp%2Fv2%2Fcomments&post=3449"}],"version-history":[{"count":1,"href":"https:\/\/maisdonsursevre-steanne.fr\/index.php?rest_route=\/wp\/v2\/posts\/3449\/revisions"}],"predecessor-version":[{"id":3450,"href":"https:\/\/maisdonsursevre-steanne.fr\/index.php?rest_route=\/wp\/v2\/posts\/3449\/revisions\/3450"}],"wp:featuredmedia":[{"embeddable":true,"href":"https:\/\/maisdonsursevre-steanne.fr\/index.php?rest_route=\/wp\/v2\/media\/3448"}],"wp:attachment":[{"href":"https:\/\/maisdonsursevre-steanne.fr\/index.php?rest_route=%2Fwp%2Fv2%2Fmedia&parent=3449"}],"wp:term":[{"taxonomy":"category","embeddable":true,"href":"https:\/\/maisdonsursevre-steanne.fr\/index.php?rest_route=%2Fwp%2Fv2%2Fcategories&post=3449"},{"taxonomy":"post_tag","embeddable":true,"href":"https:\/\/maisdonsursevre-steanne.fr\/index.php?rest_route=%2Fwp%2Fv2%2Ftags&post=3449"}],"curies":[{"name":"wp","href":"https:\/\/api.w.org\/{rel}","templated":true}]}}