{"id":3384,"date":"2020-10-19T17:14:00","date_gmt":"2020-10-19T15:14:00","guid":{"rendered":"https:\/\/maisdonsursevre-steanne.fr\/?p=3384"},"modified":"2025-11-20T19:51:26","modified_gmt":"2025-11-20T18:51:26","slug":"debat-philo-la-colere","status":"publish","type":"post","link":"https:\/\/maisdonsursevre-steanne.fr\/?p=3384","title":{"rendered":"D\u00e9bat philo&#8230; La col\u00e8re."},"content":{"rendered":"<p>Mercredi 14 octobre 2020, les \u00e9l\u00e8ves de la classe de Julie et Vanessa se sont r\u00e9unis afin de d\u00e9battre collectivement sur un m\u00eame th\u00e8me : la col\u00e8re !<\/p>\n<ul>\n<li>Qu&#8217;est-ce que la col\u00e8re?<\/li>\n<li>Pourquoi \u00e9prouve-t-on de la col\u00e8re?<\/li>\n<li>Comment s&#8217;exprime-t-elle chez vous?<\/li>\n<li>Que faire pour calmer une col\u00e8re?<\/li>\n<\/ul>\n<p>Les \u00e9l\u00e8ves ont mis en avant leurs id\u00e9es et ont r\u00e9agi, en argumentant, aux opinions de leurs camarades.<\/p>\n<p><strong>Paroles d&#8217;enfants<\/strong> :<\/p>\n<p><em>&#8220;Je suis en col\u00e8re quand quelque chose m&#8217;a fait du mal.&#8221;<\/em><\/p>\n<p><em>&#8220;La col\u00e8re, c&#8217;est un sentiment qu&#8217;on peut \u00e9prouver quand on est jaloux ou triste.&#8221;<\/em><\/p>\n<p><em>&#8220;Quand je suis en col\u00e8re, j&#8217;ai parfois envie de tout casser.&#8221;<\/em><\/p>\n<p><em>&#8220;Quand je suis en col\u00e8re, je m&#8217;isole pour pleurer et me calmer.&#8221;<\/em><\/p>\n<p><em>&#8220;On est parfois en col\u00e8re entre copains ou fr\u00e8res et soeurs.&#8221;<\/em><\/p>\n<p><em>&#8220;Quand on voit quelqu&#8217;un en col\u00e8re, on peut aller le voir pour discuter, mais seulement s&#8217;il en a envie.&#8221;<\/em><\/p>\n<p><em>&#8220;Apr\u00e8s la col\u00e8re, on peut faire la paix, se r\u00e9concilier, discuter.&#8221;<\/em><\/p>\n<p><a href=\"https:\/\/maisdonsursevre-steanne.fr\/wp-content\/uploads\/2020\/10\/0023-14-octobre-2020.jpg\"><img loading=\"lazy\" decoding=\"async\" class=\"alignnone size-full wp-image-3377\" src=\"https:\/\/maisdonsursevre-steanne.fr\/wp-content\/uploads\/2020\/10\/0023-14-octobre-2020.jpg\" alt=\"D\u00e9bat philo La Col\u00e8re\" width=\"2560\" height=\"1440\" srcset=\"https:\/\/maisdonsursevre-steanne.fr\/wp-content\/uploads\/2020\/10\/0023-14-octobre-2020.jpg 2560w, https:\/\/maisdonsursevre-steanne.fr\/wp-content\/uploads\/2020\/10\/0023-14-octobre-2020-300x169.jpg 300w, https:\/\/maisdonsursevre-steanne.fr\/wp-content\/uploads\/2020\/10\/0023-14-octobre-2020-1024x576.jpg 1024w, https:\/\/maisdonsursevre-steanne.fr\/wp-content\/uploads\/2020\/10\/0023-14-octobre-2020-768x432.jpg 768w, https:\/\/maisdonsursevre-steanne.fr\/wp-content\/uploads\/2020\/10\/0023-14-octobre-2020-600x338.jpg 600w, https:\/\/maisdonsursevre-steanne.fr\/wp-content\/uploads\/2020\/10\/0023-14-octobre-2020-1536x864.jpg 1536w, https:\/\/maisdonsursevre-steanne.fr\/wp-content\/uploads\/2020\/10\/0023-14-octobre-2020-2048x1152.jpg 2048w, https:\/\/maisdonsursevre-steanne.fr\/wp-content\/uploads\/2020\/10\/0023-14-octobre-2020-1320x743.jpg 1320w\" sizes=\"(max-width: 2560px) 100vw, 2560px\" \/><\/a><\/p>\n","protected":false},"excerpt":{"rendered":"<p>Mercredi 14 octobre 2020, les \u00e9l\u00e8ves de la classe de Julie et Vanessa se sont r\u00e9unis afin de d\u00e9battre collectivement sur un m\u00eame th\u00e8me : la col\u00e8re ! Qu&#8217;est-ce que la col\u00e8re? Pourquoi \u00e9prouve-t-on de la col\u00e8re? Comment s&#8217;exprime-t-elle chez vous? Que faire pour calmer une col\u00e8re? Les \u00e9l\u00e8ves ont mis en avant leurs id\u00e9es&hellip; <br \/> <a class=\"read-more\" href=\"https:\/\/maisdonsursevre-steanne.fr\/?p=3384\">Lire la suite<\/a><\/p>\n","protected":false},"author":7,"featured_media":3377,"comment_status":"closed","ping_status":"closed","sticky":false,"template":"","format":"standard","meta":{"ngg_post_thumbnail":0,"footnotes":""},"categories":[9],"tags":[],"_links":{"self":[{"href":"https:\/\/maisdonsursevre-steanne.fr\/index.php?rest_route=\/wp\/v2\/posts\/3384"}],"collection":[{"href":"https:\/\/maisdonsursevre-steanne.fr\/index.php?rest_route=\/wp\/v2\/posts"}],"about":[{"href":"https:\/\/maisdonsursevre-steanne.fr\/index.php?rest_route=\/wp\/v2\/types\/post"}],"author":[{"embeddable":true,"href":"https:\/\/maisdonsursevre-steanne.fr\/index.php?rest_route=\/wp\/v2\/users\/7"}],"replies":[{"embeddable":true,"href":"https:\/\/maisdonsursevre-steanne.fr\/index.php?rest_route=%2Fwp%2Fv2%2Fcomments&post=3384"}],"version-history":[{"count":2,"href":"https:\/\/maisdonsursevre-steanne.fr\/index.php?rest_route=\/wp\/v2\/posts\/3384\/revisions"}],"predecessor-version":[{"id":3386,"href":"https:\/\/maisdonsursevre-steanne.fr\/index.php?rest_route=\/wp\/v2\/posts\/3384\/revisions\/3386"}],"wp:featuredmedia":[{"embeddable":true,"href":"https:\/\/maisdonsursevre-steanne.fr\/index.php?rest_route=\/wp\/v2\/media\/3377"}],"wp:attachment":[{"href":"https:\/\/maisdonsursevre-steanne.fr\/index.php?rest_route=%2Fwp%2Fv2%2Fmedia&parent=3384"}],"wp:term":[{"taxonomy":"category","embeddable":true,"href":"https:\/\/maisdonsursevre-steanne.fr\/index.php?rest_route=%2Fwp%2Fv2%2Fcategories&post=3384"},{"taxonomy":"post_tag","embeddable":true,"href":"https:\/\/maisdonsursevre-steanne.fr\/index.php?rest_route=%2Fwp%2Fv2%2Ftags&post=3384"}],"curies":[{"name":"wp","href":"https:\/\/api.w.org\/{rel}","templated":true}]}}