{"id":328,"date":"2015-10-07T13:53:21","date_gmt":"2015-10-07T12:53:21","guid":{"rendered":"https:\/\/maisdonsursevre-steanne.fr\/?p=328"},"modified":"2025-11-20T20:04:53","modified_gmt":"2025-11-20T19:04:53","slug":"election-des-delegues-3","status":"publish","type":"post","link":"https:\/\/maisdonsursevre-steanne.fr\/?p=328","title":{"rendered":"Election des d\u00e9l\u00e9gu\u00e9s"},"content":{"rendered":"<p>On a vot\u00e9 et en on vu que nos d\u00e9l\u00e9gu\u00e9s de cette ann\u00e9e sont Elouan et Ma\u00ebva.<\/p>\n<p>Bravo \u00e0 eux,<\/p>\n<p>Lola<\/p>\n<p><a href=\"https:\/\/maisdonsursevre-steanne.fr\/wp-content\/uploads\/2015\/10\/d\u00e9l\u00e9gu\u00e9s-ce1-ce2.jpg\"><img loading=\"lazy\" decoding=\"async\" class=\"size-medium wp-image-329 aligncenter\" src=\"https:\/\/maisdonsursevre-steanne.fr\/wp-content\/uploads\/2015\/10\/d\u00e9l\u00e9gu\u00e9s-ce1-ce2-300x225.jpg\" alt=\"d\u00e9l\u00e9gu\u00e9s ce1 ce2\" width=\"300\" height=\"225\" srcset=\"https:\/\/maisdonsursevre-steanne.fr\/wp-content\/uploads\/2015\/10\/d\u00e9l\u00e9gu\u00e9s-ce1-ce2-300x225.jpg 300w, https:\/\/maisdonsursevre-steanne.fr\/wp-content\/uploads\/2015\/10\/d\u00e9l\u00e9gu\u00e9s-ce1-ce2-1024x768.jpg 1024w, https:\/\/maisdonsursevre-steanne.fr\/wp-content\/uploads\/2015\/10\/d\u00e9l\u00e9gu\u00e9s-ce1-ce2-600x450.jpg 600w, https:\/\/maisdonsursevre-steanne.fr\/wp-content\/uploads\/2015\/10\/d\u00e9l\u00e9gu\u00e9s-ce1-ce2-960x720.jpg 960w, https:\/\/maisdonsursevre-steanne.fr\/wp-content\/uploads\/2015\/10\/d\u00e9l\u00e9gu\u00e9s-ce1-ce2-480x360.jpg 480w, https:\/\/maisdonsursevre-steanne.fr\/wp-content\/uploads\/2015\/10\/d\u00e9l\u00e9gu\u00e9s-ce1-ce2-320x240.jpg 320w, https:\/\/maisdonsursevre-steanne.fr\/wp-content\/uploads\/2015\/10\/d\u00e9l\u00e9gu\u00e9s-ce1-ce2-240x180.jpg 240w, https:\/\/maisdonsursevre-steanne.fr\/wp-content\/uploads\/2015\/10\/d\u00e9l\u00e9gu\u00e9s-ce1-ce2.jpg 1632w\" sizes=\"(max-width: 300px) 100vw, 300px\" \/><\/a><\/p>\n","protected":false},"excerpt":{"rendered":"<p>On a vot\u00e9 et en on vu que nos d\u00e9l\u00e9gu\u00e9s de cette ann\u00e9e sont Elouan et Ma\u00ebva. Bravo \u00e0 eux, Lola<\/p>\n","protected":false},"author":11,"featured_media":0,"comment_status":"closed","ping_status":"closed","sticky":false,"template":"","format":"standard","meta":{"ngg_post_thumbnail":0,"footnotes":""},"categories":[9],"tags":[],"_links":{"self":[{"href":"https:\/\/maisdonsursevre-steanne.fr\/index.php?rest_route=\/wp\/v2\/posts\/328"}],"collection":[{"href":"https:\/\/maisdonsursevre-steanne.fr\/index.php?rest_route=\/wp\/v2\/posts"}],"about":[{"href":"https:\/\/maisdonsursevre-steanne.fr\/index.php?rest_route=\/wp\/v2\/types\/post"}],"author":[{"embeddable":true,"href":"https:\/\/maisdonsursevre-steanne.fr\/index.php?rest_route=\/wp\/v2\/users\/11"}],"replies":[{"embeddable":true,"href":"https:\/\/maisdonsursevre-steanne.fr\/index.php?rest_route=%2Fwp%2Fv2%2Fcomments&post=328"}],"version-history":[{"count":1,"href":"https:\/\/maisdonsursevre-steanne.fr\/index.php?rest_route=\/wp\/v2\/posts\/328\/revisions"}],"predecessor-version":[{"id":6467,"href":"https:\/\/maisdonsursevre-steanne.fr\/index.php?rest_route=\/wp\/v2\/posts\/328\/revisions\/6467"}],"wp:attachment":[{"href":"https:\/\/maisdonsursevre-steanne.fr\/index.php?rest_route=%2Fwp%2Fv2%2Fmedia&parent=328"}],"wp:term":[{"taxonomy":"category","embeddable":true,"href":"https:\/\/maisdonsursevre-steanne.fr\/index.php?rest_route=%2Fwp%2Fv2%2Fcategories&post=328"},{"taxonomy":"post_tag","embeddable":true,"href":"https:\/\/maisdonsursevre-steanne.fr\/index.php?rest_route=%2Fwp%2Fv2%2Ftags&post=328"}],"curies":[{"name":"wp","href":"https:\/\/api.w.org\/{rel}","templated":true}]}}