{"id":3213,"date":"2019-09-26T10:45:09","date_gmt":"2019-09-26T08:45:09","guid":{"rendered":"https:\/\/maisdonsursevre-steanne.fr\/?p=3213"},"modified":"2019-10-02T10:32:37","modified_gmt":"2019-10-02T08:32:37","slug":"bibliotheque","status":"publish","type":"post","link":"https:\/\/maisdonsursevre-steanne.fr\/?p=3213","title":{"rendered":"Sortie \u00e0 la Biblioth\u00e8que de la classe de Petite Section et Moyenne Section"},"content":{"rendered":"<p>Lundi matin nous sommes all\u00e9s pour la premi\u00e8re fois \u00e0 la biblioth\u00e8que. Nous nous y rendrons un lundi par mois. Ce moment a pour objectif de d\u00e9couvrir la biblioth\u00e8que municipale et de pouvoir y emprunter des livres. En effet accompagn\u00e9 par les adultes, les enfants choisissent librement des livres qui leur sont lus sur place puis chaque enfant choisit un livre qu\u2019il pourra emporter \u00e0 la maison. Quelques temps avant notre prochaine rencontre, vous devrez rendre le livre \u00e0 l\u2019\u00e9cole et un nouveau sera choisit lors de la s\u00e9ance suivante.<\/p>\n<p><a href=\"https:\/\/maisdonsursevre-steanne.fr\/wp-content\/uploads\/2019\/09\/20190916_105019.jpg\"><img loading=\"lazy\" decoding=\"async\" class=\"wp-image-3220 size-medium alignleft\" src=\"https:\/\/maisdonsursevre-steanne.fr\/wp-content\/uploads\/2019\/09\/20190916_105019-169x300.jpg\" alt=\"\" width=\"169\" height=\"300\" srcset=\"https:\/\/maisdonsursevre-steanne.fr\/wp-content\/uploads\/2019\/09\/20190916_105019-169x300.jpg 169w, https:\/\/maisdonsursevre-steanne.fr\/wp-content\/uploads\/2019\/09\/20190916_105019-768x1365.jpg 768w, https:\/\/maisdonsursevre-steanne.fr\/wp-content\/uploads\/2019\/09\/20190916_105019-576x1024.jpg 576w, https:\/\/maisdonsursevre-steanne.fr\/wp-content\/uploads\/2019\/09\/20190916_105019-600x1067.jpg 600w, https:\/\/maisdonsursevre-steanne.fr\/wp-content\/uploads\/2019\/09\/20190916_105019.jpg 1080w\" sizes=\"(max-width: 169px) 100vw, 169px\" \/><\/a> <a href=\"https:\/\/maisdonsursevre-steanne.fr\/wp-content\/uploads\/2019\/09\/20190916_105006.jpg\"><img loading=\"lazy\" decoding=\"async\" class=\"wp-image-3219 size-medium alignleft\" src=\"https:\/\/maisdonsursevre-steanne.fr\/wp-content\/uploads\/2019\/09\/20190916_105006-169x300.jpg\" alt=\"\" width=\"169\" height=\"300\" srcset=\"https:\/\/maisdonsursevre-steanne.fr\/wp-content\/uploads\/2019\/09\/20190916_105006-169x300.jpg 169w, https:\/\/maisdonsursevre-steanne.fr\/wp-content\/uploads\/2019\/09\/20190916_105006-768x1365.jpg 768w, https:\/\/maisdonsursevre-steanne.fr\/wp-content\/uploads\/2019\/09\/20190916_105006-576x1024.jpg 576w, https:\/\/maisdonsursevre-steanne.fr\/wp-content\/uploads\/2019\/09\/20190916_105006-600x1067.jpg 600w, https:\/\/maisdonsursevre-steanne.fr\/wp-content\/uploads\/2019\/09\/20190916_105006.jpg 1080w\" sizes=\"(max-width: 169px) 100vw, 169px\" \/><\/a> <a href=\"https:\/\/maisdonsursevre-steanne.fr\/wp-content\/uploads\/2019\/09\/20190916_104728.jpg\"><img loading=\"lazy\" decoding=\"async\" class=\"wp-image-3218 size-medium alignleft\" src=\"https:\/\/maisdonsursevre-steanne.fr\/wp-content\/uploads\/2019\/09\/20190916_104728-169x300.jpg\" alt=\"\" width=\"169\" height=\"300\" srcset=\"https:\/\/maisdonsursevre-steanne.fr\/wp-content\/uploads\/2019\/09\/20190916_104728-169x300.jpg 169w, https:\/\/maisdonsursevre-steanne.fr\/wp-content\/uploads\/2019\/09\/20190916_104728-768x1365.jpg 768w, https:\/\/maisdonsursevre-steanne.fr\/wp-content\/uploads\/2019\/09\/20190916_104728-576x1024.jpg 576w, https:\/\/maisdonsursevre-steanne.fr\/wp-content\/uploads\/2019\/09\/20190916_104728-600x1067.jpg 600w, https:\/\/maisdonsursevre-steanne.fr\/wp-content\/uploads\/2019\/09\/20190916_104728.jpg 1080w\" sizes=\"(max-width: 169px) 100vw, 169px\" \/><\/a> <a href=\"https:\/\/maisdonsursevre-steanne.fr\/wp-content\/uploads\/2019\/09\/20190916_104714.jpg\"><img loading=\"lazy\" decoding=\"async\" class=\"wp-image-3217 size-medium alignleft\" src=\"https:\/\/maisdonsursevre-steanne.fr\/wp-content\/uploads\/2019\/09\/20190916_104714-169x300.jpg\" alt=\"\" width=\"169\" height=\"300\" srcset=\"https:\/\/maisdonsursevre-steanne.fr\/wp-content\/uploads\/2019\/09\/20190916_104714-169x300.jpg 169w, https:\/\/maisdonsursevre-steanne.fr\/wp-content\/uploads\/2019\/09\/20190916_104714-768x1365.jpg 768w, https:\/\/maisdonsursevre-steanne.fr\/wp-content\/uploads\/2019\/09\/20190916_104714-576x1024.jpg 576w, https:\/\/maisdonsursevre-steanne.fr\/wp-content\/uploads\/2019\/09\/20190916_104714-600x1067.jpg 600w, https:\/\/maisdonsursevre-steanne.fr\/wp-content\/uploads\/2019\/09\/20190916_104714.jpg 1080w\" sizes=\"(max-width: 169px) 100vw, 169px\" \/><\/a> <a href=\"https:\/\/maisdonsursevre-steanne.fr\/wp-content\/uploads\/2019\/09\/20190916_104707-1.jpg\"><img loading=\"lazy\" decoding=\"async\" class=\"wp-image-3216 size-medium alignleft\" src=\"https:\/\/maisdonsursevre-steanne.fr\/wp-content\/uploads\/2019\/09\/20190916_104707-1-169x300.jpg\" alt=\"\" width=\"169\" height=\"300\" srcset=\"https:\/\/maisdonsursevre-steanne.fr\/wp-content\/uploads\/2019\/09\/20190916_104707-1-169x300.jpg 169w, https:\/\/maisdonsursevre-steanne.fr\/wp-content\/uploads\/2019\/09\/20190916_104707-1-768x1365.jpg 768w, https:\/\/maisdonsursevre-steanne.fr\/wp-content\/uploads\/2019\/09\/20190916_104707-1-576x1024.jpg 576w, https:\/\/maisdonsursevre-steanne.fr\/wp-content\/uploads\/2019\/09\/20190916_104707-1-600x1067.jpg 600w, https:\/\/maisdonsursevre-steanne.fr\/wp-content\/uploads\/2019\/09\/20190916_104707-1.jpg 1080w\" sizes=\"(max-width: 169px) 100vw, 169px\" \/><\/a> <a href=\"https:\/\/maisdonsursevre-steanne.fr\/wp-content\/uploads\/2019\/09\/20190916_104540.jpg\"><img loading=\"lazy\" decoding=\"async\" class=\"wp-image-3215 size-medium alignleft\" src=\"https:\/\/maisdonsursevre-steanne.fr\/wp-content\/uploads\/2019\/09\/20190916_104540-169x300.jpg\" alt=\"\" width=\"169\" height=\"300\" srcset=\"https:\/\/maisdonsursevre-steanne.fr\/wp-content\/uploads\/2019\/09\/20190916_104540-169x300.jpg 169w, https:\/\/maisdonsursevre-steanne.fr\/wp-content\/uploads\/2019\/09\/20190916_104540-768x1365.jpg 768w, https:\/\/maisdonsursevre-steanne.fr\/wp-content\/uploads\/2019\/09\/20190916_104540-576x1024.jpg 576w, https:\/\/maisdonsursevre-steanne.fr\/wp-content\/uploads\/2019\/09\/20190916_104540-600x1067.jpg 600w, https:\/\/maisdonsursevre-steanne.fr\/wp-content\/uploads\/2019\/09\/20190916_104540.jpg 1080w\" sizes=\"(max-width: 169px) 100vw, 169px\" \/><\/a><\/p>\n","protected":false},"excerpt":{"rendered":"<p>Lundi matin nous sommes all\u00e9s pour la premi\u00e8re fois \u00e0 la biblioth\u00e8que. Nous nous y rendrons un lundi par mois. Ce moment a pour objectif de d\u00e9couvrir la biblioth\u00e8que municipale et de pouvoir y emprunter des livres. En effet accompagn\u00e9 par les adultes, les enfants choisissent librement des livres qui leur sont lus sur place&hellip; <br \/> <a class=\"read-more\" href=\"https:\/\/maisdonsursevre-steanne.fr\/?p=3213\">Lire la suite<\/a><\/p>\n","protected":false},"author":11,"featured_media":3219,"comment_status":"closed","ping_status":"closed","sticky":false,"template":"","format":"standard","meta":{"ngg_post_thumbnail":0,"footnotes":""},"categories":[4],"tags":[],"_links":{"self":[{"href":"https:\/\/maisdonsursevre-steanne.fr\/index.php?rest_route=\/wp\/v2\/posts\/3213"}],"collection":[{"href":"https:\/\/maisdonsursevre-steanne.fr\/index.php?rest_route=\/wp\/v2\/posts"}],"about":[{"href":"https:\/\/maisdonsursevre-steanne.fr\/index.php?rest_route=\/wp\/v2\/types\/post"}],"author":[{"embeddable":true,"href":"https:\/\/maisdonsursevre-steanne.fr\/index.php?rest_route=\/wp\/v2\/users\/11"}],"replies":[{"embeddable":true,"href":"https:\/\/maisdonsursevre-steanne.fr\/index.php?rest_route=%2Fwp%2Fv2%2Fcomments&post=3213"}],"version-history":[{"count":4,"href":"https:\/\/maisdonsursevre-steanne.fr\/index.php?rest_route=\/wp\/v2\/posts\/3213\/revisions"}],"predecessor-version":[{"id":3257,"href":"https:\/\/maisdonsursevre-steanne.fr\/index.php?rest_route=\/wp\/v2\/posts\/3213\/revisions\/3257"}],"wp:featuredmedia":[{"embeddable":true,"href":"https:\/\/maisdonsursevre-steanne.fr\/index.php?rest_route=\/wp\/v2\/media\/3219"}],"wp:attachment":[{"href":"https:\/\/maisdonsursevre-steanne.fr\/index.php?rest_route=%2Fwp%2Fv2%2Fmedia&parent=3213"}],"wp:term":[{"taxonomy":"category","embeddable":true,"href":"https:\/\/maisdonsursevre-steanne.fr\/index.php?rest_route=%2Fwp%2Fv2%2Fcategories&post=3213"},{"taxonomy":"post_tag","embeddable":true,"href":"https:\/\/maisdonsursevre-steanne.fr\/index.php?rest_route=%2Fwp%2Fv2%2Ftags&post=3213"}],"curies":[{"name":"wp","href":"https:\/\/api.w.org\/{rel}","templated":true}]}}