{"id":3113,"date":"2019-05-22T13:27:51","date_gmt":"2019-05-22T12:27:51","guid":{"rendered":"https:\/\/maisdonsursevre-steanne.fr\/?p=3113"},"modified":"2019-05-22T13:27:51","modified_gmt":"2019-05-22T12:27:51","slug":"le-cirque-raconte-par-des-artistes-de-cm2","status":"publish","type":"post","link":"https:\/\/maisdonsursevre-steanne.fr\/?p=3113","title":{"rendered":"Le cirque&#8230; racont\u00e9 par des artistes de CM2"},"content":{"rendered":"<p>&#8220;Il y a trois semaines, nous sommes arriv\u00e9s sous le chapiteau. Le premier cour, c&#8217;\u00e9tait un spectacle que les animateurs avaient cr\u00e9\u00e9 pour nous montrer toutes les activit\u00e9s qu&#8217;on pouvait faire. les deux semaines qui ont suivi, nous nous sommes beaucoup entrain\u00e9s. Moi, je faisais la boule. Le vendredi 3 mai, pendant toute la matin\u00e9e, nous avons fait une r\u00e9p\u00e9tition g\u00e9n\u00e9rale avec toute l&#8217;\u00e9cole. Le soir, nous avons fait deux spectacles car il y avait trop de monde. Nous avons fait un spectacle \u00e0 18h et un autre \u00e0 20h. Pour une derni\u00e8re ann\u00e9e, c&#8217;\u00e9tait g\u00e9nial !&#8221; P\u00e9n\u00e9lope<\/p>\n<p>&nbsp;<\/p>\n<p>&#8220;Nous avons commenc\u00e9 l&#8217;art du cirque il y a deux semaines en regardant un mini spectacle r\u00e9alis\u00e9 par la troupe d&#8217;artistes avec tous les num\u00e9ros qu&#8217;on a ensuite eu la chance de tester, les uns apr\u00e8s les autres. Moi, je me suis orient\u00e9e vers le rouleau am\u00e9ricain avec Wilson comme entraineur. A notre premi\u00e8re s\u00e9ance, nous sommes mont\u00e9s sur les planches \u00e0 deux, puis tout seul. Ensuite, quand le groupe tenait debout parfaitement debout tout seul, nous avons appris \u00e0 ramasser un objet par terre et jongler avec pendant que les autres groupes apprenaient leurs exercices de leur c\u00f4t\u00e9, avec leurs entraineurs. Le spectacle devant les parents approchait \u00e0 grand pas et Wilson nous montrait les exercices que l&#8217;on avait \u00e0 faire. Moi et deux autres \u00e9l\u00e8ves devions sauter sur notre planche en plus du passage avec les autres rouleaux. Enfin, le jour du spectacle est venu ! Quand notre num\u00e9ro a \u00e9t\u00e9 annonc\u00e9, on stressait un peu, mais finalement, tout le monde a aim\u00e9 et applaudi ! C&#8217;\u00e9tait g\u00e9nial ! Je n&#8217;oublierai jamais ce moment de ma vie.&#8221; Cl\u00e9mence<\/p>\n<p>&nbsp;<\/p>\n<p>&#8220;Il y a trois semaines, nous avons d\u00e9but\u00e9 notre projet cirque. Pendant deux semaines de travail, nous nous sommes perfectionn\u00e9s pour \u00eatre au plus haut niveau pour les deux repr\u00e9sentations finales, des clowns aux trap\u00e9zistes en passant par les fil de f\u00e9ristes. Le show \u00e9tait exceptionnel. Au d\u00e9but de nos deux semaines d&#8217;entra\u00eenement, nous devions choisir ce que l&#8217;on voulait faire, ensuite nous nous sommes entrain\u00e9s pour \u00eatre pr\u00eats pour le jour du spectacle. Le vendredi 3 mai, jour du spectacle, se d\u00e9roulait la r\u00e9p\u00e9tition g\u00e9n\u00e9rale. Le soir, nous nous sommes retrouv\u00e9s sous le chapiteau pour les deux repr\u00e9sentations finales. Les deux spectacles finis, nos parents nous ont ramen\u00e9 chez nous, des \u00e9toiles plein les yeux.&#8221; Bastien<\/p>\n<p>&nbsp;<\/p>\n<p>&#8220;Il y a quelques jours, nous avons fait du cirque. Mon num\u00e9ro \u00e9tait acrobate. On faisait dix pyramides en tout. Nous nous sommes entrain\u00e9s dur pour r\u00e9ussir ce spectacle, presque tous les jours. Les animateurs \u00e9taient vraiment tr\u00e8s gentils. Le 3 mai, c&#8217;\u00e9tait le jour J. Il y avait presque toutes les familles. C&#8217;\u00e9tait le stress total. Mais bon, tout ce que je pouvais dire c&#8217;est que \u00e7a scintillait dans les yeux du public.&#8221; Gabrielle<\/p>\n<p>&nbsp;<\/p>\n<p>&#8220;Nous sommes arriv\u00e9s au chapiteau le mardi apr\u00e8s-midi. Dominique (le patron du cirque) nous a fait un spectacle avec beaucoup de num\u00e9ros dont le num\u00e9ro de clown. Et tout de suite je me suis dit que je voulais faire \u00e7a.. Le lendemain, on devait choisir notre discipline ; j&#8217;ai choisi &#8220;clown&#8221;. Les entrainements ont commenc\u00e9 et je me suis dit &#8220;Ca va \u00eatre tr\u00e8s dur!&#8221; Mais j&#8217;ai beaucoup travaill\u00e9 avec Baptiste, Otys et Dominique. On s&#8217;est entrain\u00e9s pendant une semaine? Puis, est venue la r\u00e9p\u00e9tition g\u00e9n\u00e9rale. Un peu de peur mais tout s&#8217;est bien pass\u00e9. Quand le soir du spectacle est arriv\u00e9, l\u00e0, je n&#8217;\u00e9tais plus du tout confiante lors des deux repr\u00e9sentations. Tout s&#8217;est bien pass\u00e9, m\u00eame si la deuxi\u00e8me repr\u00e9sentation comportait 600 spectateurs. J&#8217;ai beaucoup aim\u00e9 et c&#8217;\u00e9tait un tr\u00e8s beau projet.&#8221; Lola<\/p>\n","protected":false},"excerpt":{"rendered":"<p>&#8220;Il y a trois semaines, nous sommes arriv\u00e9s sous le chapiteau. Le premier cour, c&#8217;\u00e9tait un spectacle que les animateurs avaient cr\u00e9\u00e9 pour nous montrer toutes les activit\u00e9s qu&#8217;on pouvait faire. les deux semaines qui ont suivi, nous nous sommes beaucoup entrain\u00e9s. Moi, je faisais la boule. Le vendredi 3 mai, pendant toute la matin\u00e9e,&hellip; <br \/> <a class=\"read-more\" href=\"https:\/\/maisdonsursevre-steanne.fr\/?p=3113\">Lire la suite<\/a><\/p>\n","protected":false},"author":7,"featured_media":0,"comment_status":"closed","ping_status":"closed","sticky":false,"template":"","format":"standard","meta":{"ngg_post_thumbnail":0,"footnotes":""},"categories":[9],"tags":[],"_links":{"self":[{"href":"https:\/\/maisdonsursevre-steanne.fr\/index.php?rest_route=\/wp\/v2\/posts\/3113"}],"collection":[{"href":"https:\/\/maisdonsursevre-steanne.fr\/index.php?rest_route=\/wp\/v2\/posts"}],"about":[{"href":"https:\/\/maisdonsursevre-steanne.fr\/index.php?rest_route=\/wp\/v2\/types\/post"}],"author":[{"embeddable":true,"href":"https:\/\/maisdonsursevre-steanne.fr\/index.php?rest_route=\/wp\/v2\/users\/7"}],"replies":[{"embeddable":true,"href":"https:\/\/maisdonsursevre-steanne.fr\/index.php?rest_route=%2Fwp%2Fv2%2Fcomments&post=3113"}],"version-history":[{"count":1,"href":"https:\/\/maisdonsursevre-steanne.fr\/index.php?rest_route=\/wp\/v2\/posts\/3113\/revisions"}],"predecessor-version":[{"id":3114,"href":"https:\/\/maisdonsursevre-steanne.fr\/index.php?rest_route=\/wp\/v2\/posts\/3113\/revisions\/3114"}],"wp:attachment":[{"href":"https:\/\/maisdonsursevre-steanne.fr\/index.php?rest_route=%2Fwp%2Fv2%2Fmedia&parent=3113"}],"wp:term":[{"taxonomy":"category","embeddable":true,"href":"https:\/\/maisdonsursevre-steanne.fr\/index.php?rest_route=%2Fwp%2Fv2%2Fcategories&post=3113"},{"taxonomy":"post_tag","embeddable":true,"href":"https:\/\/maisdonsursevre-steanne.fr\/index.php?rest_route=%2Fwp%2Fv2%2Ftags&post=3113"}],"curies":[{"name":"wp","href":"https:\/\/api.w.org\/{rel}","templated":true}]}}