{"id":2687,"date":"2019-01-08T17:13:20","date_gmt":"2019-01-08T16:13:20","guid":{"rendered":"https:\/\/maisdonsursevre-steanne.fr\/?p=2687"},"modified":"2019-05-20T19:41:14","modified_gmt":"2019-05-20T18:41:14","slug":"cours-de-chant","status":"publish","type":"post","link":"https:\/\/maisdonsursevre-steanne.fr\/?p=2687","title":{"rendered":"Cours de chant"},"content":{"rendered":"<p>Artissimo<\/p>\n<p>&nbsp;<\/p>\n<p>De janvier et jusqu&#8217;au<\/p>\n<p>mois de mai, les classes de CE2-CM1 et CM1-CM2 ont cours de chant avec C\u00e9line, une intervenante Artissimo.<\/p>\n<p>Nous apprenons des chants en lien avec les \u00e9motions.<\/p>\n\n\t\t<style type=\"text\/css\">\n\t\t\t#gallery-1 {\n\t\t\t\tmargin: auto;\n\t\t\t}\n\t\t\t#gallery-1 .gallery-item {\n\t\t\t\tfloat: left;\n\t\t\t\tmargin-top: 10px;\n\t\t\t\ttext-align: center;\n\t\t\t\twidth: 33%;\n\t\t\t}\n\t\t\t#gallery-1 img {\n\t\t\t\tborder: 2px solid #cfcfcf;\n\t\t\t}\n\t\t\t#gallery-1 .gallery-caption {\n\t\t\t\tmargin-left: 0;\n\t\t\t}\n\t\t\t\/* see gallery_shortcode() in wp-includes\/media.php *\/\n\t\t<\/style>\n\t\t<div id='gallery-1' class='gallery galleryid-2687 gallery-columns-3 gallery-size-thumbnail'><dl class='gallery-item'>\n\t\t\t<dt class='gallery-icon landscape'>\n\t\t\t\t<a href='https:\/\/maisdonsursevre-steanne.fr\/?attachment_id=2880'><img loading=\"lazy\" decoding=\"async\" width=\"150\" height=\"150\" src=\"https:\/\/maisdonsursevre-steanne.fr\/wp-content\/uploads\/2019\/03\/chant-01-150x150.jpg\" class=\"attachment-thumbnail size-thumbnail\" alt=\"\" aria-describedby=\"gallery-1-2880\" \/><\/a>\n\t\t\t<\/dt>\n\t\t\t\t<dd class='wp-caption-text gallery-caption' id='gallery-1-2880'>\n\t\t\t\tChant\n\t\t\t\t<\/dd><\/dl><dl class='gallery-item'>\n\t\t\t<dt class='gallery-icon landscape'>\n\t\t\t\t<a href='https:\/\/maisdonsursevre-steanne.fr\/?attachment_id=2882'><img loading=\"lazy\" decoding=\"async\" width=\"150\" height=\"150\" src=\"https:\/\/maisdonsursevre-steanne.fr\/wp-content\/uploads\/2019\/03\/chant-03-150x150.jpg\" class=\"attachment-thumbnail size-thumbnail\" alt=\"\" aria-describedby=\"gallery-1-2882\" \/><\/a>\n\t\t\t<\/dt>\n\t\t\t\t<dd class='wp-caption-text gallery-caption' id='gallery-1-2882'>\n\t\t\t\tChant\n\t\t\t\t<\/dd><\/dl><dl class='gallery-item'>\n\t\t\t<dt class='gallery-icon landscape'>\n\t\t\t\t<a href='https:\/\/maisdonsursevre-steanne.fr\/?attachment_id=2881'><img loading=\"lazy\" decoding=\"async\" width=\"150\" height=\"150\" src=\"https:\/\/maisdonsursevre-steanne.fr\/wp-content\/uploads\/2019\/03\/chant-02-150x150.jpg\" class=\"attachment-thumbnail size-thumbnail\" alt=\"\" aria-describedby=\"gallery-1-2881\" \/><\/a>\n\t\t\t<\/dt>\n\t\t\t\t<dd class='wp-caption-text gallery-caption' id='gallery-1-2881'>\n\t\t\t\tChant\n\t\t\t\t<\/dd><\/dl><br style=\"clear: both\" \/>\n\t\t<\/div>\n\n<p>&nbsp;<\/p>\n<p>Le premier chant est &#8220;Y&#8217;a d&#8217;la joie&#8221; de Charles Tr\u00e9net.<\/p>\n<p>&nbsp;<\/p>\n<!--[if lt IE 9]><script>document.createElement('audio');<\/script><![endif]-->\n<audio class=\"wp-audio-shortcode\" id=\"audio-2687-1\" preload=\"none\" style=\"width: 100%;\" controls=\"controls\"><source type=\"audio\/mpeg\" src=\"https:\/\/maisdonsursevre-steanne.fr\/wp-content\/uploads\/2019\/01\/Ya-dla-joie.mp3?_=1\" \/><a href=\"https:\/\/maisdonsursevre-steanne.fr\/wp-content\/uploads\/2019\/01\/Ya-dla-joie.mp3\">https:\/\/maisdonsursevre-steanne.fr\/wp-content\/uploads\/2019\/01\/Ya-dla-joie.mp3<\/a><\/audio>\n<p>&nbsp;<\/p>\n<p>Le deuxi\u00e8me chant est &#8220;Il en faut peu pour \u00eatre heureux&#8221;.<\/p>\n<audio class=\"wp-audio-shortcode\" id=\"audio-2687-2\" preload=\"none\" style=\"width: 100%;\" controls=\"controls\"><source type=\"audio\/mpeg\" src=\"https:\/\/maisdonsursevre-steanne.fr\/wp-content\/uploads\/2019\/01\/Il-en-faut-peu-pour-\u00eatre-heureux.mp3?_=2\" \/><a href=\"https:\/\/maisdonsursevre-steanne.fr\/wp-content\/uploads\/2019\/01\/Il-en-faut-peu-pour-\u00eatre-heureux.mp3\">https:\/\/maisdonsursevre-steanne.fr\/wp-content\/uploads\/2019\/01\/Il-en-faut-peu-pour-\u00eatre-heureux.mp3<\/a><\/audio>\n<p>&nbsp;<\/p>\n<p>Voici le troisi\u00e8me chant : &#8220;Vert de col\u00e8re&#8221;.<\/p>\n<audio class=\"wp-audio-shortcode\" id=\"audio-2687-3\" preload=\"none\" style=\"width: 100%;\" controls=\"controls\"><source type=\"audio\/mpeg\" src=\"https:\/\/maisdonsursevre-steanne.fr\/wp-content\/uploads\/2019\/02\/Vert-de-col\u00e8re.mp3?_=3\" \/><a href=\"https:\/\/maisdonsursevre-steanne.fr\/wp-content\/uploads\/2019\/02\/Vert-de-col\u00e8re.mp3\">https:\/\/maisdonsursevre-steanne.fr\/wp-content\/uploads\/2019\/02\/Vert-de-col\u00e8re.mp3<\/a><\/audio>\n<p>&nbsp;<\/p>\n<p>Le quatri\u00e8me chant se nomme &#8220;Les sentiments des hommes&#8221;.<\/p>\n<audio class=\"wp-audio-shortcode\" id=\"audio-2687-4\" preload=\"none\" style=\"width: 100%;\" controls=\"controls\"><source type=\"audio\/mpeg\" src=\"https:\/\/maisdonsursevre-steanne.fr\/wp-content\/uploads\/2019\/03\/Les-sentiments-des-hommes.mp3?_=4\" \/><a href=\"https:\/\/maisdonsursevre-steanne.fr\/wp-content\/uploads\/2019\/03\/Les-sentiments-des-hommes.mp3\">https:\/\/maisdonsursevre-steanne.fr\/wp-content\/uploads\/2019\/03\/Les-sentiments-des-hommes.mp3<\/a><\/audio>\n<p>&nbsp;<\/p>\n<p>Voici le cinqui\u00e8me chant : &#8220;Dis, quand reviendras-tu?&#8221;<\/p>\n<audio class=\"wp-audio-shortcode\" id=\"audio-2687-5\" preload=\"none\" style=\"width: 100%;\" controls=\"controls\"><source type=\"audio\/mpeg\" src=\"https:\/\/maisdonsursevre-steanne.fr\/wp-content\/uploads\/2019\/03\/Dis-quand-reviendras-tu.mp3?_=5\" \/><a href=\"https:\/\/maisdonsursevre-steanne.fr\/wp-content\/uploads\/2019\/03\/Dis-quand-reviendras-tu.mp3\">https:\/\/maisdonsursevre-steanne.fr\/wp-content\/uploads\/2019\/03\/Dis-quand-reviendras-tu.mp3<\/a><\/audio>\n<p>&nbsp;<\/p>\n<p>Le dernier chant est &#8220;La Javanaise&#8221;!<\/p>\n<audio class=\"wp-audio-shortcode\" id=\"audio-2687-6\" preload=\"none\" style=\"width: 100%;\" controls=\"controls\"><source type=\"audio\/mpeg\" src=\"https:\/\/maisdonsursevre-steanne.fr\/wp-content\/uploads\/2019\/05\/La-javanaise.mp3?_=6\" \/><a href=\"https:\/\/maisdonsursevre-steanne.fr\/wp-content\/uploads\/2019\/05\/La-javanaise.mp3\">https:\/\/maisdonsursevre-steanne.fr\/wp-content\/uploads\/2019\/05\/La-javanaise.mp3<\/a><\/audio>\n","protected":false},"excerpt":{"rendered":"<p>Artissimo &nbsp; De janvier et jusqu&#8217;au mois de mai, les classes de CE2-CM1 et CM1-CM2 ont cours de chant avec C\u00e9line, une intervenante Artissimo. Nous apprenons des chants en lien avec les \u00e9motions. &nbsp; Le premier chant est &#8220;Y&#8217;a d&#8217;la joie&#8221; de Charles Tr\u00e9net. &nbsp; &nbsp; Le deuxi\u00e8me chant est &#8220;Il en faut peu pour&hellip; <br \/> <a class=\"read-more\" href=\"https:\/\/maisdonsursevre-steanne.fr\/?p=2687\">Lire la suite<\/a><\/p>\n","protected":false},"author":7,"featured_media":0,"comment_status":"closed","ping_status":"closed","sticky":false,"template":"","format":"standard","meta":{"ngg_post_thumbnail":0,"footnotes":""},"categories":[9],"tags":[],"_links":{"self":[{"href":"https:\/\/maisdonsursevre-steanne.fr\/index.php?rest_route=\/wp\/v2\/posts\/2687"}],"collection":[{"href":"https:\/\/maisdonsursevre-steanne.fr\/index.php?rest_route=\/wp\/v2\/posts"}],"about":[{"href":"https:\/\/maisdonsursevre-steanne.fr\/index.php?rest_route=\/wp\/v2\/types\/post"}],"author":[{"embeddable":true,"href":"https:\/\/maisdonsursevre-steanne.fr\/index.php?rest_route=\/wp\/v2\/users\/7"}],"replies":[{"embeddable":true,"href":"https:\/\/maisdonsursevre-steanne.fr\/index.php?rest_route=%2Fwp%2Fv2%2Fcomments&post=2687"}],"version-history":[{"count":8,"href":"https:\/\/maisdonsursevre-steanne.fr\/index.php?rest_route=\/wp\/v2\/posts\/2687\/revisions"}],"predecessor-version":[{"id":3110,"href":"https:\/\/maisdonsursevre-steanne.fr\/index.php?rest_route=\/wp\/v2\/posts\/2687\/revisions\/3110"}],"wp:attachment":[{"href":"https:\/\/maisdonsursevre-steanne.fr\/index.php?rest_route=%2Fwp%2Fv2%2Fmedia&parent=2687"}],"wp:term":[{"taxonomy":"category","embeddable":true,"href":"https:\/\/maisdonsursevre-steanne.fr\/index.php?rest_route=%2Fwp%2Fv2%2Fcategories&post=2687"},{"taxonomy":"post_tag","embeddable":true,"href":"https:\/\/maisdonsursevre-steanne.fr\/index.php?rest_route=%2Fwp%2Fv2%2Ftags&post=2687"}],"curies":[{"name":"wp","href":"https:\/\/api.w.org\/{rel}","templated":true}]}}