{"id":2591,"date":"2018-12-09T19:21:04","date_gmt":"2018-12-09T18:21:04","guid":{"rendered":"https:\/\/maisdonsursevre-steanne.fr\/?p=2591"},"modified":"2025-11-20T19:56:40","modified_gmt":"2025-11-20T18:56:40","slug":"commemoration-du-11-novembre","status":"publish","type":"post","link":"https:\/\/maisdonsursevre-steanne.fr\/?p=2591","title":{"rendered":"Comm\u00e9moration du 11 Novembre"},"content":{"rendered":"<p>Le 11 novembre, les \u00e9l\u00e8ves de l&#8217;\u00e9cole \u00e9taient invit\u00e9s \u00e0 se rendre \u00e0 la comm\u00e9moration du centenaire de la 1\u00e8re guerre mondiale. Ce fut l&#8217;occasion pour les \u00e9l\u00e8ves de faire aussi un travail en classe sur ce pass\u00e9 de notre pays.<\/p>\n<p>Puis, lundi, 12 novembre, ils sont all\u00e9s voir l&#8217;exposition dans la salle municipale. Ils ont pu observer les diff\u00e9rents habits, quelques objets de la guerre, observer des paysages de guerre. A la fin, on leur a jou\u00e9 un morceau de clairon.<\/p>\nngg_shortcode_0_placeholder\n","protected":false},"excerpt":{"rendered":"<p>Le 11 novembre, les \u00e9l\u00e8ves de l&#8217;\u00e9cole \u00e9taient invit\u00e9s \u00e0 se rendre \u00e0 la comm\u00e9moration du centenaire de la 1\u00e8re guerre mondiale. Ce fut l&#8217;occasion pour les \u00e9l\u00e8ves de faire aussi un travail en classe sur ce pass\u00e9 de notre pays. Puis, lundi, 12 novembre, ils sont all\u00e9s voir l&#8217;exposition dans la salle municipale. Ils&hellip; <br \/> <a class=\"read-more\" href=\"https:\/\/maisdonsursevre-steanne.fr\/?p=2591\">Lire la suite<\/a><\/p>\n","protected":false},"author":11,"featured_media":0,"comment_status":"closed","ping_status":"closed","sticky":false,"template":"","format":"standard","meta":{"ngg_post_thumbnail":0,"footnotes":""},"categories":[9],"tags":[],"_links":{"self":[{"href":"https:\/\/maisdonsursevre-steanne.fr\/index.php?rest_route=\/wp\/v2\/posts\/2591"}],"collection":[{"href":"https:\/\/maisdonsursevre-steanne.fr\/index.php?rest_route=\/wp\/v2\/posts"}],"about":[{"href":"https:\/\/maisdonsursevre-steanne.fr\/index.php?rest_route=\/wp\/v2\/types\/post"}],"author":[{"embeddable":true,"href":"https:\/\/maisdonsursevre-steanne.fr\/index.php?rest_route=\/wp\/v2\/users\/11"}],"replies":[{"embeddable":true,"href":"https:\/\/maisdonsursevre-steanne.fr\/index.php?rest_route=%2Fwp%2Fv2%2Fcomments&post=2591"}],"version-history":[{"count":1,"href":"https:\/\/maisdonsursevre-steanne.fr\/index.php?rest_route=\/wp\/v2\/posts\/2591\/revisions"}],"predecessor-version":[{"id":6403,"href":"https:\/\/maisdonsursevre-steanne.fr\/index.php?rest_route=\/wp\/v2\/posts\/2591\/revisions\/6403"}],"wp:attachment":[{"href":"https:\/\/maisdonsursevre-steanne.fr\/index.php?rest_route=%2Fwp%2Fv2%2Fmedia&parent=2591"}],"wp:term":[{"taxonomy":"category","embeddable":true,"href":"https:\/\/maisdonsursevre-steanne.fr\/index.php?rest_route=%2Fwp%2Fv2%2Fcategories&post=2591"},{"taxonomy":"post_tag","embeddable":true,"href":"https:\/\/maisdonsursevre-steanne.fr\/index.php?rest_route=%2Fwp%2Fv2%2Ftags&post=2591"}],"curies":[{"name":"wp","href":"https:\/\/api.w.org\/{rel}","templated":true}]}}