{"id":2583,"date":"2018-12-07T17:35:55","date_gmt":"2018-12-07T16:35:55","guid":{"rendered":"https:\/\/maisdonsursevre-steanne.fr\/?p=2583"},"modified":"2018-12-07T17:35:56","modified_gmt":"2018-12-07T16:35:56","slug":"une-histoire-ecrite-par-quatre-eleves-de-cm2","status":"publish","type":"post","link":"https:\/\/maisdonsursevre-steanne.fr\/?p=2583","title":{"rendered":"Une histoire \u00e9crite par quatre \u00e9l\u00e8ves de CM2"},"content":{"rendered":"<p>Le cirque des \u00e9motions<\/p>\n<p>Il \u00e9tait une fois, un cirque, mais pas comme les autres ! Ici on ne voit pas des jongleurs, des trap\u00e9zistes, des clowns comme les autres&#8230; Dans ce cirque sp\u00e9cial, on ne voit que des petites boules \u00e9motives : on les appelle &#8220;les emojies&#8221;. Ils sont partis d&#8217;Emojie ville pour arriver chez nous.<\/p>\n<p>&#8220;Ces petites boules \u00e9motives vont vous \u00e9blouir, vous \u00e9pater.&#8221; dit le pr\u00e9sentateur. Le spectacle commence. Joie arrive. Elle monte sur son v\u00e9lo \u00e0 une roue, suivie de Col\u00e8re et sa moto. Il est tellement \u00e9nerv\u00e9 (comme d&#8217;habitude) qu&#8217;il rend les photos des radars floues. Trois minutes plus tard, un probl\u00e8me survient. Joie est tomb\u00e9e de son v\u00e9lo \u00e0 une roue. Et Tristesse arrive. Elle tr\u00e9buche sur le v\u00e9lo de Joie. Les spectateurs sont choqu\u00e9s! Le pr\u00e9sentateur surgit et rel\u00e8ve ces petites boules \u00e9motives. Joie et Tristesse saluent le public et rentrent derri\u00e8re le rideau, tandis que Col\u00e8re continue son num\u00e9ro. Il encha\u00eene les roues arri\u00e8res et les saltos. Peur rentre sur sc\u00e8ne, en d\u00e9guisement de clown. Elle se retourne vers le public avec une tarte \u00e0 la main. D\u00e9go\u00fbt arrive discr\u00e8tement derri\u00e8re Peur. D\u00e9go\u00fbt crie : &#8220;BOUUUUUUUUHHHHHHHHHHHH !!!!!!!&#8221; Peur, terrifi\u00e9e, se retourne, la tarte \u00e0 la main et \u00e9tale la tarte sur la figure de D\u00e9go\u00fbt ! D\u00e9go\u00fbt l\u00e8che la tarte \u00e9tal\u00e9e sur son visage. BEUUUUUURKKKKKKKK !! Crie-t- il. D\u00e9go\u00fbt rentre dans les coulisses tout \u00e9nerv\u00e9. Pleurnichou arrive tout content. Il nous sort un num\u00e9ro exceptionnel de jongleur en jonglant avec des mini-quilles. Les musiciens mettent l&#8217;ambiance sous le chapiteau. Pour le final, tous les acteurs reviennent sur sc\u00e8ne puis saluent le public. Les spectateurs applaudissent avec joie. Le pr\u00e9sentateur\u00a0 annonce la fin du cirque des \u00e9motions.<\/p>\n<p>A la fin de la journ\u00e9e, tous les acteurs rentrent dans leurs roulottes, puis ils se mettent tous au lit.<\/p>\n<p>Le lendemain matin, apr\u00e8s un nuit bien m\u00e9rit\u00e9e, ils remballent le chapiteau. Et rentrent \u00e0 Emojie Ville. Bien-s\u00fbr, \u00e0 leur retour, tous les habitants d&#8217;Emojie Ville les f\u00e9licitent !!!<\/p>\n<p><em>\u00a0\u00a0\u00a0\u00a0\u00a0\u00a0\u00a0\u00a0\u00a0\u00a0\u00a0\u00a0\u00a0\u00a0\u00a0\u00a0\u00a0\u00a0\u00a0\u00a0\u00a0\u00a0\u00a0\u00a0\u00a0\u00a0\u00a0\u00a0\u00a0\u00a0\u00a0\u00a0\u00a0\u00a0\u00a0\u00a0\u00a0\u00a0\u00a0\u00a0\u00a0\u00a0\u00a0\u00a0\u00a0\u00a0\u00a0\u00a0\u00a0\u00a0\u00a0\u00a0\u00a0\u00a0\u00a0\u00a0\u00a0\u00a0\u00a0\u00a0\u00a0\u00a0\u00a0\u00a0\u00a0\u00a0\u00a0\u00a0\u00a0 Fin <\/em><\/p>\n<p>Otys, Elouan, Maxime et Jules<\/p>\n<p><a href=\"https:\/\/maisdonsursevre-steanne.fr\/wp-content\/uploads\/2018\/12\/20181207_12303^m0.jpg\"><img loading=\"lazy\" decoding=\"async\" class=\"alignnone size-full wp-image-2581\" src=\"https:\/\/maisdonsursevre-steanne.fr\/wp-content\/uploads\/2018\/12\/20181207_12303^m0.jpg\" alt=\"\" width=\"2048\" height=\"1536\" srcset=\"https:\/\/maisdonsursevre-steanne.fr\/wp-content\/uploads\/2018\/12\/20181207_12303^m0.jpg 2048w, https:\/\/maisdonsursevre-steanne.fr\/wp-content\/uploads\/2018\/12\/20181207_12303^m0-300x225.jpg 300w, https:\/\/maisdonsursevre-steanne.fr\/wp-content\/uploads\/2018\/12\/20181207_12303^m0-768x576.jpg 768w, https:\/\/maisdonsursevre-steanne.fr\/wp-content\/uploads\/2018\/12\/20181207_12303^m0-1024x768.jpg 1024w, https:\/\/maisdonsursevre-steanne.fr\/wp-content\/uploads\/2018\/12\/20181207_12303^m0-600x450.jpg 600w\" sizes=\"(max-width: 2048px) 100vw, 2048px\" \/><\/a><\/p>\n","protected":false},"excerpt":{"rendered":"<p>Le cirque des \u00e9motions Il \u00e9tait une fois, un cirque, mais pas comme les autres ! Ici on ne voit pas des jongleurs, des trap\u00e9zistes, des clowns comme les autres&#8230; Dans ce cirque sp\u00e9cial, on ne voit que des petites boules \u00e9motives : on les appelle &#8220;les emojies&#8221;. Ils sont partis d&#8217;Emojie ville pour arriver&hellip; <br \/> <a class=\"read-more\" href=\"https:\/\/maisdonsursevre-steanne.fr\/?p=2583\">Lire la suite<\/a><\/p>\n","protected":false},"author":7,"featured_media":0,"comment_status":"closed","ping_status":"closed","sticky":false,"template":"","format":"standard","meta":{"ngg_post_thumbnail":0,"footnotes":""},"categories":[9],"tags":[],"_links":{"self":[{"href":"https:\/\/maisdonsursevre-steanne.fr\/index.php?rest_route=\/wp\/v2\/posts\/2583"}],"collection":[{"href":"https:\/\/maisdonsursevre-steanne.fr\/index.php?rest_route=\/wp\/v2\/posts"}],"about":[{"href":"https:\/\/maisdonsursevre-steanne.fr\/index.php?rest_route=\/wp\/v2\/types\/post"}],"author":[{"embeddable":true,"href":"https:\/\/maisdonsursevre-steanne.fr\/index.php?rest_route=\/wp\/v2\/users\/7"}],"replies":[{"embeddable":true,"href":"https:\/\/maisdonsursevre-steanne.fr\/index.php?rest_route=%2Fwp%2Fv2%2Fcomments&post=2583"}],"version-history":[{"count":0,"href":"https:\/\/maisdonsursevre-steanne.fr\/index.php?rest_route=\/wp\/v2\/posts\/2583\/revisions"}],"wp:attachment":[{"href":"https:\/\/maisdonsursevre-steanne.fr\/index.php?rest_route=%2Fwp%2Fv2%2Fmedia&parent=2583"}],"wp:term":[{"taxonomy":"category","embeddable":true,"href":"https:\/\/maisdonsursevre-steanne.fr\/index.php?rest_route=%2Fwp%2Fv2%2Fcategories&post=2583"},{"taxonomy":"post_tag","embeddable":true,"href":"https:\/\/maisdonsursevre-steanne.fr\/index.php?rest_route=%2Fwp%2Fv2%2Ftags&post=2583"}],"curies":[{"name":"wp","href":"https:\/\/api.w.org\/{rel}","templated":true}]}}