{"id":2446,"date":"2018-10-10T12:21:19","date_gmt":"2018-10-10T11:21:19","guid":{"rendered":"https:\/\/maisdonsursevre-steanne.fr\/?p=2446"},"modified":"2025-11-20T19:56:45","modified_gmt":"2025-11-20T18:56:45","slug":"matinee-du-gout-3","status":"publish","type":"post","link":"https:\/\/maisdonsursevre-steanne.fr\/?p=2446","title":{"rendered":"Matin\u00e9e du gout"},"content":{"rendered":"<p>&nbsp;<\/p>\n<p>ngg_shortcode_0_placeholderAujourd&#8217;hui, mercredi 10 octobre, nous avons fait une journ\u00e9e sp\u00e9ciale: la matin\u00e9e du gout.<\/p>\n<p>Elle se d\u00e9roulait \u00e0 l&#8217;\u00e9cole, dans la cour des primaires et dans les classes des primaires.<\/p>\n<p>Nous \u00e9tions tous m\u00e9lang\u00e9s pour faire 4 groupes.<\/p>\n<p>Chaque groupe avait entre 22 et 24 \u00e9l\u00e8ves.<\/p>\n<p>Des parents aidaient les groupes \u00e0 r\u00e9aliser les recettes.<\/p>\n<p style=\"text-align: center;\"><em>Charlyne, Sarah, Loula<\/em><\/p>\n<p>ATELIER PANCAKES<\/p>\n<p>Nous avons r\u00e9alis\u00e9 la p\u00e2te avec du sucre, du beurre, des oeufs, de la farine, du lait, du sel et de la levure.<\/p>\n<p>Puis nous avons d\u00e9cor\u00e9 les pancakes avec de la confiture, du sucre glace, des bonbons, du chocolat en poudre.<\/p>\n<p>Certains groupes faisaient la p\u00e2te et les autres groupes devaient d\u00e9corer les pancakes pour tous les \u00e9l\u00e8ves.<\/p>\n<p style=\"text-align: center;\"><em>Faustine, Elian, Louka, Paolo, Lily<\/em><\/p>\n<p>ATELIER MYST\u00c8RE<\/p>\n<p>Le but \u00e9tait de gouter des aliments cach\u00e9s et pour cela, nous avions un bandeau ou un foulard pour se cacher les yeux.<\/p>\n<p>Dans l&#8217;ordre, nous devions gouter: la feta, une endive, une olive noire, une pomme s\u00e9ch\u00e9e, un carr\u00e9 de noix de coco, du chocolat noir avec de la framboise.<\/p>\n<p>L&#8217;adulte posait des questions pour savoir si on aimait, ce que c&#8217;\u00e9tait et le gout: sucr\u00e9, sal\u00e9, amer&#8230;<\/p>\n<p style=\"text-align: center;\"><em>SImon, Emmy, Oscar&nbsp;<\/em><\/p>\n<p>ATELIER PYRAMIDE ALIMENTAIRE<\/p>\n<p>Dans cet atelier, il y avait une pyramide alimentaire et une enveloppe et des petites \u00e9tiquettes avec des aliments.<\/p>\n<p>Il fallait placer les \u00e9tiquettes au bon endroit sur la pyramide alimentaire.<\/p>\n<p>Nous devions choisir entre les produits sucr\u00e9s, les mati\u00e8res grasses, viandes-poisson -\u0153ufs, lait et produits laitiers, fruits et l\u00e9gumes frais, pain-c\u00e9r\u00e9ales-l\u00e9gumes secs et enfin l&#8217;eau.<\/p>\n<p style=\"text-align: center;\"><em>Flora, Elia, Tom, Aliz\u00e9<\/em><\/p>\n<p>ATELIER RALLYE CHOCOLAT<\/p>\n<p>Nous avons fait une ronde dans la cour, au centre de la ronde, il y avait des d\u00e9guisements ( jupe, chapeau, des hauts, un chapeau, un k\u00e9pi..) et un assiette avec du chocolat et des couverts.<\/p>\n<p>Il fallait lancer le d\u00e9 pour faire 6. Si on faisait 6, on devait se d\u00e9guiser, couper le chocolat et en manger. Si un autre \u00e9l\u00e8ve faisait 6, il prenait notre place.<\/p>\n<p>Si le d\u00e9 n&#8217;affichait pas 6, on restait assis \u00e0 notre place.<\/p>\n<p>Nous avons ador\u00e9 mais parfois nous \u00e9tions vex\u00e9s car nous n&#8217;avons pas eu le temps de manger le carreau de chocolat.<\/p>\n<p style=\"text-align: center;\"><em>Hippolyte, Jade, Savanah, Quentin, Eline, L\u00e9on<\/em><\/p>\n<p>En fin de matin\u00e9e, nous avons retrouv\u00e9 les maternelles et nous avons partag\u00e9 nos cr\u00e9ations. Nous avons d\u00e9gust\u00e9 les brochettes r\u00e9alis\u00e9es par les \u00e9l\u00e8ves de maternelle.<\/p>\n<p>C&#8217;\u00e9tait tr\u00e8s bon!<\/p>\n<p>Un grand merci \u00e0 tous les parents pour cette matin\u00e9e!<\/p>\n","protected":false},"excerpt":{"rendered":"<p>&nbsp; Aujourd&#8217;hui, mercredi 10 octobre, nous avons fait une journ\u00e9e sp\u00e9ciale: la matin\u00e9e du gout. Elle se d\u00e9roulait \u00e0 l&#8217;\u00e9cole, dans la cour des primaires et dans les classes des primaires. Nous \u00e9tions tous m\u00e9lang\u00e9s pour faire 4 groupes. Chaque groupe avait entre 22 et 24 \u00e9l\u00e8ves. Des parents aidaient les groupes \u00e0 r\u00e9aliser les&hellip; <br \/> <a class=\"read-more\" href=\"https:\/\/maisdonsursevre-steanne.fr\/?p=2446\">Lire la suite<\/a><\/p>\n","protected":false},"author":11,"featured_media":0,"comment_status":"closed","ping_status":"closed","sticky":false,"template":"","format":"standard","meta":{"ngg_post_thumbnail":0,"footnotes":""},"categories":[9],"tags":[],"_links":{"self":[{"href":"https:\/\/maisdonsursevre-steanne.fr\/index.php?rest_route=\/wp\/v2\/posts\/2446"}],"collection":[{"href":"https:\/\/maisdonsursevre-steanne.fr\/index.php?rest_route=\/wp\/v2\/posts"}],"about":[{"href":"https:\/\/maisdonsursevre-steanne.fr\/index.php?rest_route=\/wp\/v2\/types\/post"}],"author":[{"embeddable":true,"href":"https:\/\/maisdonsursevre-steanne.fr\/index.php?rest_route=\/wp\/v2\/users\/11"}],"replies":[{"embeddable":true,"href":"https:\/\/maisdonsursevre-steanne.fr\/index.php?rest_route=%2Fwp%2Fv2%2Fcomments&post=2446"}],"version-history":[{"count":1,"href":"https:\/\/maisdonsursevre-steanne.fr\/index.php?rest_route=\/wp\/v2\/posts\/2446\/revisions"}],"predecessor-version":[{"id":6404,"href":"https:\/\/maisdonsursevre-steanne.fr\/index.php?rest_route=\/wp\/v2\/posts\/2446\/revisions\/6404"}],"wp:attachment":[{"href":"https:\/\/maisdonsursevre-steanne.fr\/index.php?rest_route=%2Fwp%2Fv2%2Fmedia&parent=2446"}],"wp:term":[{"taxonomy":"category","embeddable":true,"href":"https:\/\/maisdonsursevre-steanne.fr\/index.php?rest_route=%2Fwp%2Fv2%2Fcategories&post=2446"},{"taxonomy":"post_tag","embeddable":true,"href":"https:\/\/maisdonsursevre-steanne.fr\/index.php?rest_route=%2Fwp%2Fv2%2Ftags&post=2446"}],"curies":[{"name":"wp","href":"https:\/\/api.w.org\/{rel}","templated":true}]}}