{"id":2416,"date":"2018-10-01T17:35:38","date_gmt":"2018-10-01T16:35:38","guid":{"rendered":"https:\/\/maisdonsursevre-steanne.fr\/?p=2416"},"modified":"2025-11-20T19:56:48","modified_gmt":"2025-11-20T18:56:48","slug":"parrainage-2","status":"publish","type":"post","link":"https:\/\/maisdonsursevre-steanne.fr\/?p=2416","title":{"rendered":"Parrainage"},"content":{"rendered":"<p>ngg_shortcode_0_placeholderChaque ann\u00e9e, notre classe travaille avec celle de Laurence. Nous, les grands, sommes les parrains et marraines des \u00e9l\u00e8ves de la classe des PS-MS.<\/p>\n<p>Nous irons leur lire des histoires tous les lundis soirs, en petits groupes.<\/p>\n<p>Nous aurons aussi des ateliers avec eux, nous aidons les plus petits \u00e0 r\u00e9aliser des g\u00e2teaux, faire des bricolages. Nous prenons notre r\u00f4le au s\u00e9rieux!<\/p>\n<p>Nous commencerons par un atelier cuisine juste avant les vacances! Et bien sur, nous d\u00e9gusterons nos g\u00e2teaux!<\/p>\n<p>Les \u00e9l\u00e8ves de CE2 &#8211; CM1<\/p>\n<p>&nbsp;<\/p>\n","protected":false},"excerpt":{"rendered":"<p>Chaque ann\u00e9e, notre classe travaille avec celle de Laurence. Nous, les grands, sommes les parrains et marraines des \u00e9l\u00e8ves de la classe des PS-MS. Nous irons leur lire des histoires tous les lundis soirs, en petits groupes. Nous aurons aussi des ateliers avec eux, nous aidons les plus petits \u00e0 r\u00e9aliser des g\u00e2teaux, faire des&hellip; <br \/> <a class=\"read-more\" href=\"https:\/\/maisdonsursevre-steanne.fr\/?p=2416\">Lire la suite<\/a><\/p>\n","protected":false},"author":11,"featured_media":0,"comment_status":"closed","ping_status":"closed","sticky":false,"template":"","format":"standard","meta":{"ngg_post_thumbnail":0,"footnotes":""},"categories":[9],"tags":[],"_links":{"self":[{"href":"https:\/\/maisdonsursevre-steanne.fr\/index.php?rest_route=\/wp\/v2\/posts\/2416"}],"collection":[{"href":"https:\/\/maisdonsursevre-steanne.fr\/index.php?rest_route=\/wp\/v2\/posts"}],"about":[{"href":"https:\/\/maisdonsursevre-steanne.fr\/index.php?rest_route=\/wp\/v2\/types\/post"}],"author":[{"embeddable":true,"href":"https:\/\/maisdonsursevre-steanne.fr\/index.php?rest_route=\/wp\/v2\/users\/11"}],"replies":[{"embeddable":true,"href":"https:\/\/maisdonsursevre-steanne.fr\/index.php?rest_route=%2Fwp%2Fv2%2Fcomments&post=2416"}],"version-history":[{"count":1,"href":"https:\/\/maisdonsursevre-steanne.fr\/index.php?rest_route=\/wp\/v2\/posts\/2416\/revisions"}],"predecessor-version":[{"id":6405,"href":"https:\/\/maisdonsursevre-steanne.fr\/index.php?rest_route=\/wp\/v2\/posts\/2416\/revisions\/6405"}],"wp:attachment":[{"href":"https:\/\/maisdonsursevre-steanne.fr\/index.php?rest_route=%2Fwp%2Fv2%2Fmedia&parent=2416"}],"wp:term":[{"taxonomy":"category","embeddable":true,"href":"https:\/\/maisdonsursevre-steanne.fr\/index.php?rest_route=%2Fwp%2Fv2%2Fcategories&post=2416"},{"taxonomy":"post_tag","embeddable":true,"href":"https:\/\/maisdonsursevre-steanne.fr\/index.php?rest_route=%2Fwp%2Fv2%2Ftags&post=2416"}],"curies":[{"name":"wp","href":"https:\/\/api.w.org\/{rel}","templated":true}]}}