{"id":2413,"date":"2018-10-01T17:18:10","date_gmt":"2018-10-01T16:18:10","guid":{"rendered":"https:\/\/maisdonsursevre-steanne.fr\/?p=2413"},"modified":"2025-11-20T19:57:00","modified_gmt":"2025-11-20T18:57:00","slug":"la-rentree-6","status":"publish","type":"post","link":"https:\/\/maisdonsursevre-steanne.fr\/?p=2413","title":{"rendered":"La rentr\u00e9e 2018"},"content":{"rendered":"<p>Nous avons tous repris le chemin de l&#8217;\u00e9cole. Cette ann\u00e9e, nous sommes en CE2- CM1 dans la classe de Vanessa. Nous sommes 7 CE2 et 15 CM1.<\/p>\n<p>Le th\u00e8me de l&#8217;ann\u00e9e est les \u00e9motions. Nous avons regard\u00e9 Vice Versa pour commencer \u00e0 travailler sur ce th\u00e8me. Maintenant nous avons une roue des \u00e9motions dans la classe, nous mettons notre humeur chaque matin.<\/p>\n<p>Nous travaillerons aussi sur le cirque. Nous serons les artistes pour un spectacle devant nos parents! Nous avons h\u00e2te!<\/p>\n<p>Les \u00e9l\u00e8ves de CE2 &#8211; CM1<\/p>\n","protected":false},"excerpt":{"rendered":"<p>Nous avons tous repris le chemin de l&#8217;\u00e9cole. Cette ann\u00e9e, nous sommes en CE2- CM1 dans la classe de Vanessa. Nous sommes 7 CE2 et 15 CM1. Le th\u00e8me de l&#8217;ann\u00e9e est les \u00e9motions. Nous avons regard\u00e9 Vice Versa pour commencer \u00e0 travailler sur ce th\u00e8me. Maintenant nous avons une roue des \u00e9motions dans la&hellip; <br \/> <a class=\"read-more\" href=\"https:\/\/maisdonsursevre-steanne.fr\/?p=2413\">Lire la suite<\/a><\/p>\n","protected":false},"author":11,"featured_media":0,"comment_status":"closed","ping_status":"closed","sticky":false,"template":"","format":"standard","meta":{"ngg_post_thumbnail":0,"footnotes":""},"categories":[9],"tags":[],"_links":{"self":[{"href":"https:\/\/maisdonsursevre-steanne.fr\/index.php?rest_route=\/wp\/v2\/posts\/2413"}],"collection":[{"href":"https:\/\/maisdonsursevre-steanne.fr\/index.php?rest_route=\/wp\/v2\/posts"}],"about":[{"href":"https:\/\/maisdonsursevre-steanne.fr\/index.php?rest_route=\/wp\/v2\/types\/post"}],"author":[{"embeddable":true,"href":"https:\/\/maisdonsursevre-steanne.fr\/index.php?rest_route=\/wp\/v2\/users\/11"}],"replies":[{"embeddable":true,"href":"https:\/\/maisdonsursevre-steanne.fr\/index.php?rest_route=%2Fwp%2Fv2%2Fcomments&post=2413"}],"version-history":[{"count":1,"href":"https:\/\/maisdonsursevre-steanne.fr\/index.php?rest_route=\/wp\/v2\/posts\/2413\/revisions"}],"predecessor-version":[{"id":6407,"href":"https:\/\/maisdonsursevre-steanne.fr\/index.php?rest_route=\/wp\/v2\/posts\/2413\/revisions\/6407"}],"wp:attachment":[{"href":"https:\/\/maisdonsursevre-steanne.fr\/index.php?rest_route=%2Fwp%2Fv2%2Fmedia&parent=2413"}],"wp:term":[{"taxonomy":"category","embeddable":true,"href":"https:\/\/maisdonsursevre-steanne.fr\/index.php?rest_route=%2Fwp%2Fv2%2Fcategories&post=2413"},{"taxonomy":"post_tag","embeddable":true,"href":"https:\/\/maisdonsursevre-steanne.fr\/index.php?rest_route=%2Fwp%2Fv2%2Ftags&post=2413"}],"curies":[{"name":"wp","href":"https:\/\/api.w.org\/{rel}","templated":true}]}}