{"id":2408,"date":"2018-09-29T07:54:14","date_gmt":"2018-09-29T06:54:14","guid":{"rendered":"https:\/\/maisdonsursevre-steanne.fr\/?p=2408"},"modified":"2018-09-29T07:57:17","modified_gmt":"2018-09-29T06:57:17","slug":"la-rentree-en-cp-ce1","status":"publish","type":"post","link":"https:\/\/maisdonsursevre-steanne.fr\/?p=2408","title":{"rendered":"La rentr\u00e9e en CP\/CE1"},"content":{"rendered":"<p>Voici un petit aper\u00e7u de la rentr\u00e9e dans la classe des CP et CE1.<\/p>\n<p><a href=\"https:\/\/maisdonsursevre-steanne.fr\/wp-content\/uploads\/2018\/09\/Larentr\u00e9eenCPetCE1.odt\">Larentr\u00e9eenCPetCE1<\/a><\/p>\n","protected":false},"excerpt":{"rendered":"<p>Voici un petit aper\u00e7u de la rentr\u00e9e dans la classe des CP et CE1. Larentr\u00e9eenCPetCE1<\/p>\n","protected":false},"author":7,"featured_media":0,"comment_status":"closed","ping_status":"closed","sticky":false,"template":"","format":"standard","meta":{"ngg_post_thumbnail":0,"footnotes":""},"categories":[6],"tags":[],"_links":{"self":[{"href":"https:\/\/maisdonsursevre-steanne.fr\/index.php?rest_route=\/wp\/v2\/posts\/2408"}],"collection":[{"href":"https:\/\/maisdonsursevre-steanne.fr\/index.php?rest_route=\/wp\/v2\/posts"}],"about":[{"href":"https:\/\/maisdonsursevre-steanne.fr\/index.php?rest_route=\/wp\/v2\/types\/post"}],"author":[{"embeddable":true,"href":"https:\/\/maisdonsursevre-steanne.fr\/index.php?rest_route=\/wp\/v2\/users\/7"}],"replies":[{"embeddable":true,"href":"https:\/\/maisdonsursevre-steanne.fr\/index.php?rest_route=%2Fwp%2Fv2%2Fcomments&post=2408"}],"version-history":[{"count":0,"href":"https:\/\/maisdonsursevre-steanne.fr\/index.php?rest_route=\/wp\/v2\/posts\/2408\/revisions"}],"wp:attachment":[{"href":"https:\/\/maisdonsursevre-steanne.fr\/index.php?rest_route=%2Fwp%2Fv2%2Fmedia&parent=2408"}],"wp:term":[{"taxonomy":"category","embeddable":true,"href":"https:\/\/maisdonsursevre-steanne.fr\/index.php?rest_route=%2Fwp%2Fv2%2Fcategories&post=2408"},{"taxonomy":"post_tag","embeddable":true,"href":"https:\/\/maisdonsursevre-steanne.fr\/index.php?rest_route=%2Fwp%2Fv2%2Ftags&post=2408"}],"curies":[{"name":"wp","href":"https:\/\/api.w.org\/{rel}","templated":true}]}}