{"id":2383,"date":"2018-09-19T10:08:44","date_gmt":"2018-09-19T09:08:44","guid":{"rendered":"https:\/\/maisdonsursevre-steanne.fr\/?p=2383"},"modified":"2025-11-20T19:51:40","modified_gmt":"2025-11-20T18:51:40","slug":"la-rentree-4","status":"publish","type":"post","link":"https:\/\/maisdonsursevre-steanne.fr\/?p=2383","title":{"rendered":"La rentr\u00e9e"},"content":{"rendered":"<p>Notre rentr\u00e9e s&#8217;est bien pass\u00e9e.<\/p>\n<p>Nous avons deux ma\u00eetresses: Lucie et Marion. Jennifer vient aussi dans la classe pour nous aider.<\/p>\n<p>Nous sommes 21, 8 CE2 et 13 CE1.<\/p>\n<p>Arwen, Madeline et Axel.<\/p>\n","protected":false},"excerpt":{"rendered":"<p>Notre rentr\u00e9e s&#8217;est bien pass\u00e9e. Nous avons deux ma\u00eetresses: Lucie et Marion. Jennifer vient aussi dans la classe pour nous aider. Nous sommes 21, 8 CE2 et 13 CE1. Arwen, Madeline et Axel.<\/p>\n","protected":false},"author":11,"featured_media":0,"comment_status":"closed","ping_status":"closed","sticky":false,"template":"","format":"standard","meta":{"ngg_post_thumbnail":0,"footnotes":""},"categories":[9],"tags":[],"_links":{"self":[{"href":"https:\/\/maisdonsursevre-steanne.fr\/index.php?rest_route=\/wp\/v2\/posts\/2383"}],"collection":[{"href":"https:\/\/maisdonsursevre-steanne.fr\/index.php?rest_route=\/wp\/v2\/posts"}],"about":[{"href":"https:\/\/maisdonsursevre-steanne.fr\/index.php?rest_route=\/wp\/v2\/types\/post"}],"author":[{"embeddable":true,"href":"https:\/\/maisdonsursevre-steanne.fr\/index.php?rest_route=\/wp\/v2\/users\/11"}],"replies":[{"embeddable":true,"href":"https:\/\/maisdonsursevre-steanne.fr\/index.php?rest_route=%2Fwp%2Fv2%2Fcomments&post=2383"}],"version-history":[{"count":1,"href":"https:\/\/maisdonsursevre-steanne.fr\/index.php?rest_route=\/wp\/v2\/posts\/2383\/revisions"}],"predecessor-version":[{"id":6369,"href":"https:\/\/maisdonsursevre-steanne.fr\/index.php?rest_route=\/wp\/v2\/posts\/2383\/revisions\/6369"}],"wp:attachment":[{"href":"https:\/\/maisdonsursevre-steanne.fr\/index.php?rest_route=%2Fwp%2Fv2%2Fmedia&parent=2383"}],"wp:term":[{"taxonomy":"category","embeddable":true,"href":"https:\/\/maisdonsursevre-steanne.fr\/index.php?rest_route=%2Fwp%2Fv2%2Fcategories&post=2383"},{"taxonomy":"post_tag","embeddable":true,"href":"https:\/\/maisdonsursevre-steanne.fr\/index.php?rest_route=%2Fwp%2Fv2%2Ftags&post=2383"}],"curies":[{"name":"wp","href":"https:\/\/api.w.org\/{rel}","templated":true}]}}