{"id":2356,"date":"2018-06-07T12:52:00","date_gmt":"2018-06-07T11:52:00","guid":{"rendered":"https:\/\/maisdonsursevre-steanne.fr\/?p=2356"},"modified":"2025-11-20T19:51:57","modified_gmt":"2025-11-20T18:51:57","slug":"sortie-a-lire","status":"publish","type":"post","link":"https:\/\/maisdonsursevre-steanne.fr\/?p=2356","title":{"rendered":"Sortie \u00e0 Lir\u00e9"},"content":{"rendered":"<p>Nous sommes all\u00e9s \u00e0 Lir\u00e9 (49) d\u00e9couvrir le ch\u00e2teau de Joachim du Bellay et son mus\u00e9e.<\/p>\n<p>Le matin, nous avons pu d\u00e9couvrir un ch\u00e2teau datant du moyen-\u00e2ge qui a appartenu \u00e0 la famille Du Bellay. Nous avons aussi appris \u00e0 faire de la reluire japonaise.<\/p>\n<p>L&#8217;apr\u00e8s midi, nous sommes all\u00e9s au mus\u00e9e d\u00e9couvrir qui \u00e9tait Joachim du Bellay et participer \u00e0 une initiation \u00e0 la calligraphie.<\/p>\n\n\t\t<style type=\"text\/css\">\n\t\t\t#gallery-1 {\n\t\t\t\tmargin: auto;\n\t\t\t}\n\t\t\t#gallery-1 .gallery-item {\n\t\t\t\tfloat: left;\n\t\t\t\tmargin-top: 10px;\n\t\t\t\ttext-align: center;\n\t\t\t\twidth: 33%;\n\t\t\t}\n\t\t\t#gallery-1 img {\n\t\t\t\tborder: 2px solid #cfcfcf;\n\t\t\t}\n\t\t\t#gallery-1 .gallery-caption {\n\t\t\t\tmargin-left: 0;\n\t\t\t}\n\t\t\t\/* see gallery_shortcode() in wp-includes\/media.php *\/\n\t\t<\/style>\n\t\t<div id='gallery-1' class='gallery galleryid-2356 gallery-columns-3 gallery-size-large'><dl class='gallery-item'>\n\t\t\t<dt class='gallery-icon landscape'>\n\t\t\t\t<a href='https:\/\/maisdonsursevre-steanne.fr\/?attachment_id=2362'><img loading=\"lazy\" decoding=\"async\" width=\"1024\" height=\"768\" src=\"https:\/\/maisdonsursevre-steanne.fr\/wp-content\/uploads\/2018\/06\/sortie-ce1ce2-1024x768.jpg\" class=\"attachment-large size-large\" alt=\"\" srcset=\"https:\/\/maisdonsursevre-steanne.fr\/wp-content\/uploads\/2018\/06\/sortie-ce1ce2-1024x768.jpg 1024w, https:\/\/maisdonsursevre-steanne.fr\/wp-content\/uploads\/2018\/06\/sortie-ce1ce2-300x225.jpg 300w, https:\/\/maisdonsursevre-steanne.fr\/wp-content\/uploads\/2018\/06\/sortie-ce1ce2-768x576.jpg 768w, https:\/\/maisdonsursevre-steanne.fr\/wp-content\/uploads\/2018\/06\/sortie-ce1ce2-600x450.jpg 600w, https:\/\/maisdonsursevre-steanne.fr\/wp-content\/uploads\/2018\/06\/sortie-ce1ce2.jpg 2048w\" sizes=\"(max-width: 1024px) 100vw, 1024px\" \/><\/a>\n\t\t\t<\/dt><\/dl><dl class='gallery-item'>\n\t\t\t<dt class='gallery-icon landscape'>\n\t\t\t\t<a href='https:\/\/maisdonsursevre-steanne.fr\/?attachment_id=2357'><img loading=\"lazy\" decoding=\"async\" width=\"1024\" height=\"768\" src=\"https:\/\/maisdonsursevre-steanne.fr\/wp-content\/uploads\/2018\/06\/2-1024x768.jpg\" class=\"attachment-large size-large\" alt=\"\" srcset=\"https:\/\/maisdonsursevre-steanne.fr\/wp-content\/uploads\/2018\/06\/2-1024x768.jpg 1024w, https:\/\/maisdonsursevre-steanne.fr\/wp-content\/uploads\/2018\/06\/2-300x225.jpg 300w, https:\/\/maisdonsursevre-steanne.fr\/wp-content\/uploads\/2018\/06\/2-768x576.jpg 768w, https:\/\/maisdonsursevre-steanne.fr\/wp-content\/uploads\/2018\/06\/2-600x450.jpg 600w, https:\/\/maisdonsursevre-steanne.fr\/wp-content\/uploads\/2018\/06\/2.jpg 2048w\" sizes=\"(max-width: 1024px) 100vw, 1024px\" \/><\/a>\n\t\t\t<\/dt><\/dl><dl class='gallery-item'>\n\t\t\t<dt class='gallery-icon landscape'>\n\t\t\t\t<a href='https:\/\/maisdonsursevre-steanne.fr\/?attachment_id=2358'><img loading=\"lazy\" decoding=\"async\" width=\"1024\" height=\"768\" src=\"https:\/\/maisdonsursevre-steanne.fr\/wp-content\/uploads\/2018\/06\/3-1024x768.jpg\" class=\"attachment-large size-large\" alt=\"\" srcset=\"https:\/\/maisdonsursevre-steanne.fr\/wp-content\/uploads\/2018\/06\/3-1024x768.jpg 1024w, https:\/\/maisdonsursevre-steanne.fr\/wp-content\/uploads\/2018\/06\/3-300x225.jpg 300w, https:\/\/maisdonsursevre-steanne.fr\/wp-content\/uploads\/2018\/06\/3-768x576.jpg 768w, https:\/\/maisdonsursevre-steanne.fr\/wp-content\/uploads\/2018\/06\/3-600x450.jpg 600w, https:\/\/maisdonsursevre-steanne.fr\/wp-content\/uploads\/2018\/06\/3.jpg 2048w\" sizes=\"(max-width: 1024px) 100vw, 1024px\" \/><\/a>\n\t\t\t<\/dt><\/dl><br style=\"clear: both\" \/><dl class='gallery-item'>\n\t\t\t<dt class='gallery-icon portrait'>\n\t\t\t\t<a href='https:\/\/maisdonsursevre-steanne.fr\/?attachment_id=2359'><img loading=\"lazy\" decoding=\"async\" width=\"768\" height=\"1024\" src=\"https:\/\/maisdonsursevre-steanne.fr\/wp-content\/uploads\/2018\/06\/7-768x1024.jpg\" class=\"attachment-large size-large\" alt=\"\" srcset=\"https:\/\/maisdonsursevre-steanne.fr\/wp-content\/uploads\/2018\/06\/7-768x1024.jpg 768w, https:\/\/maisdonsursevre-steanne.fr\/wp-content\/uploads\/2018\/06\/7-225x300.jpg 225w, https:\/\/maisdonsursevre-steanne.fr\/wp-content\/uploads\/2018\/06\/7-600x800.jpg 600w, https:\/\/maisdonsursevre-steanne.fr\/wp-content\/uploads\/2018\/06\/7.jpg 1536w\" sizes=\"(max-width: 768px) 100vw, 768px\" \/><\/a>\n\t\t\t<\/dt><\/dl><dl class='gallery-item'>\n\t\t\t<dt class='gallery-icon portrait'>\n\t\t\t\t<a href='https:\/\/maisdonsursevre-steanne.fr\/?attachment_id=2360'><img loading=\"lazy\" decoding=\"async\" width=\"768\" height=\"1024\" src=\"https:\/\/maisdonsursevre-steanne.fr\/wp-content\/uploads\/2018\/06\/8-768x1024.jpg\" class=\"attachment-large size-large\" alt=\"\" srcset=\"https:\/\/maisdonsursevre-steanne.fr\/wp-content\/uploads\/2018\/06\/8-768x1024.jpg 768w, https:\/\/maisdonsursevre-steanne.fr\/wp-content\/uploads\/2018\/06\/8-225x300.jpg 225w, https:\/\/maisdonsursevre-steanne.fr\/wp-content\/uploads\/2018\/06\/8-600x800.jpg 600w, https:\/\/maisdonsursevre-steanne.fr\/wp-content\/uploads\/2018\/06\/8.jpg 1536w\" sizes=\"(max-width: 768px) 100vw, 768px\" \/><\/a>\n\t\t\t<\/dt><\/dl><dl class='gallery-item'>\n\t\t\t<dt class='gallery-icon portrait'>\n\t\t\t\t<a href='https:\/\/maisdonsursevre-steanne.fr\/?attachment_id=2361'><img loading=\"lazy\" decoding=\"async\" width=\"768\" height=\"1024\" src=\"https:\/\/maisdonsursevre-steanne.fr\/wp-content\/uploads\/2018\/06\/9-768x1024.jpg\" class=\"attachment-large size-large\" alt=\"\" srcset=\"https:\/\/maisdonsursevre-steanne.fr\/wp-content\/uploads\/2018\/06\/9-768x1024.jpg 768w, https:\/\/maisdonsursevre-steanne.fr\/wp-content\/uploads\/2018\/06\/9-225x300.jpg 225w, https:\/\/maisdonsursevre-steanne.fr\/wp-content\/uploads\/2018\/06\/9-600x800.jpg 600w, https:\/\/maisdonsursevre-steanne.fr\/wp-content\/uploads\/2018\/06\/9.jpg 1536w\" sizes=\"(max-width: 768px) 100vw, 768px\" \/><\/a>\n\t\t\t<\/dt><\/dl><br style=\"clear: both\" \/>\n\t\t<\/div>\n\n","protected":false},"excerpt":{"rendered":"<p>Nous sommes all\u00e9s \u00e0 Lir\u00e9 (49) d\u00e9couvrir le ch\u00e2teau de Joachim du Bellay et son mus\u00e9e. Le matin, nous avons pu d\u00e9couvrir un ch\u00e2teau datant du moyen-\u00e2ge qui a appartenu \u00e0 la famille Du Bellay. Nous avons aussi appris \u00e0 faire de la reluire japonaise. L&#8217;apr\u00e8s midi, nous sommes all\u00e9s au mus\u00e9e d\u00e9couvrir qui \u00e9tait&hellip; <br \/> <a class=\"read-more\" href=\"https:\/\/maisdonsursevre-steanne.fr\/?p=2356\">Lire la suite<\/a><\/p>\n","protected":false},"author":11,"featured_media":0,"comment_status":"closed","ping_status":"closed","sticky":false,"template":"","format":"standard","meta":{"ngg_post_thumbnail":0,"footnotes":""},"categories":[9],"tags":[],"_links":{"self":[{"href":"https:\/\/maisdonsursevre-steanne.fr\/index.php?rest_route=\/wp\/v2\/posts\/2356"}],"collection":[{"href":"https:\/\/maisdonsursevre-steanne.fr\/index.php?rest_route=\/wp\/v2\/posts"}],"about":[{"href":"https:\/\/maisdonsursevre-steanne.fr\/index.php?rest_route=\/wp\/v2\/types\/post"}],"author":[{"embeddable":true,"href":"https:\/\/maisdonsursevre-steanne.fr\/index.php?rest_route=\/wp\/v2\/users\/11"}],"replies":[{"embeddable":true,"href":"https:\/\/maisdonsursevre-steanne.fr\/index.php?rest_route=%2Fwp%2Fv2%2Fcomments&post=2356"}],"version-history":[{"count":2,"href":"https:\/\/maisdonsursevre-steanne.fr\/index.php?rest_route=\/wp\/v2\/posts\/2356\/revisions"}],"predecessor-version":[{"id":6372,"href":"https:\/\/maisdonsursevre-steanne.fr\/index.php?rest_route=\/wp\/v2\/posts\/2356\/revisions\/6372"}],"wp:attachment":[{"href":"https:\/\/maisdonsursevre-steanne.fr\/index.php?rest_route=%2Fwp%2Fv2%2Fmedia&parent=2356"}],"wp:term":[{"taxonomy":"category","embeddable":true,"href":"https:\/\/maisdonsursevre-steanne.fr\/index.php?rest_route=%2Fwp%2Fv2%2Fcategories&post=2356"},{"taxonomy":"post_tag","embeddable":true,"href":"https:\/\/maisdonsursevre-steanne.fr\/index.php?rest_route=%2Fwp%2Fv2%2Ftags&post=2356"}],"curies":[{"name":"wp","href":"https:\/\/api.w.org\/{rel}","templated":true}]}}