{"id":230,"date":"2015-09-28T20:08:03","date_gmt":"2015-09-28T19:08:03","guid":{"rendered":"https:\/\/maisdonsursevre-steanne.fr\/?p=230"},"modified":"2025-11-20T19:59:53","modified_gmt":"2025-11-20T18:59:53","slug":"la-rentree-2","status":"publish","type":"post","link":"https:\/\/maisdonsursevre-steanne.fr\/?p=230","title":{"rendered":"La rentr\u00e9e"},"content":{"rendered":"<p>&#8220;La rentr\u00e9e en CM1 \u00e9tait bien.\u00a0Nous avons retrouv\u00e9 les copains et les copines. En plus, nous avons eu une nouvelle classe tr\u00e8s belle, elle est repeinte en rose et en beige. Nous avons une maitresse qui s\u2019appelle Vanessa. Maintenant, nous ne sommes que des CM1 dans une seule classe. On est 23 dans la classe.&#8221;<\/p>\n<p>Audrey, In\u00e8s, Nathan<\/p>\n","protected":false},"excerpt":{"rendered":"<p>&#8220;La rentr\u00e9e en CM1 \u00e9tait bien.\u00a0Nous avons retrouv\u00e9 les copains et les copines. En plus, nous avons eu une nouvelle classe tr\u00e8s belle, elle est repeinte en rose et en beige. Nous avons une maitresse qui s\u2019appelle Vanessa. Maintenant, nous ne sommes que des CM1 dans une seule classe. On est 23 dans la classe.&#8221;&hellip; <br \/> <a class=\"read-more\" href=\"https:\/\/maisdonsursevre-steanne.fr\/?p=230\">Lire la suite<\/a><\/p>\n","protected":false},"author":11,"featured_media":0,"comment_status":"closed","ping_status":"closed","sticky":false,"template":"","format":"standard","meta":{"ngg_post_thumbnail":0,"footnotes":""},"categories":[9],"tags":[],"_links":{"self":[{"href":"https:\/\/maisdonsursevre-steanne.fr\/index.php?rest_route=\/wp\/v2\/posts\/230"}],"collection":[{"href":"https:\/\/maisdonsursevre-steanne.fr\/index.php?rest_route=\/wp\/v2\/posts"}],"about":[{"href":"https:\/\/maisdonsursevre-steanne.fr\/index.php?rest_route=\/wp\/v2\/types\/post"}],"author":[{"embeddable":true,"href":"https:\/\/maisdonsursevre-steanne.fr\/index.php?rest_route=\/wp\/v2\/users\/11"}],"replies":[{"embeddable":true,"href":"https:\/\/maisdonsursevre-steanne.fr\/index.php?rest_route=%2Fwp%2Fv2%2Fcomments&post=230"}],"version-history":[{"count":1,"href":"https:\/\/maisdonsursevre-steanne.fr\/index.php?rest_route=\/wp\/v2\/posts\/230\/revisions"}],"predecessor-version":[{"id":6427,"href":"https:\/\/maisdonsursevre-steanne.fr\/index.php?rest_route=\/wp\/v2\/posts\/230\/revisions\/6427"}],"wp:attachment":[{"href":"https:\/\/maisdonsursevre-steanne.fr\/index.php?rest_route=%2Fwp%2Fv2%2Fmedia&parent=230"}],"wp:term":[{"taxonomy":"category","embeddable":true,"href":"https:\/\/maisdonsursevre-steanne.fr\/index.php?rest_route=%2Fwp%2Fv2%2Fcategories&post=230"},{"taxonomy":"post_tag","embeddable":true,"href":"https:\/\/maisdonsursevre-steanne.fr\/index.php?rest_route=%2Fwp%2Fv2%2Ftags&post=230"}],"curies":[{"name":"wp","href":"https:\/\/api.w.org\/{rel}","templated":true}]}}