{"id":2268,"date":"2018-04-19T10:49:05","date_gmt":"2018-04-19T09:49:05","guid":{"rendered":"https:\/\/maisdonsursevre-steanne.fr\/?p=2268"},"modified":"2025-11-20T20:32:39","modified_gmt":"2025-11-20T19:32:39","slug":"carnaval-solidaire","status":"publish","type":"post","link":"https:\/\/maisdonsursevre-steanne.fr\/?p=2268","title":{"rendered":"Carnaval solidaire"},"content":{"rendered":"<p>Samedi 24 mars avait lieu notre carnaval pour aider l&#8217;association <a href=\"https:\/\/www.agircontrelamaladie.fr\/\" target=\"_blank\" rel=\"noopener\">&#8220;Agir contre la maladie&#8221;<\/a> de Clisson.<\/p>\n<p>Les \u00e9l\u00e8ves ont r\u00e9colt\u00e9 950 euros!&nbsp;<\/p>\n<p>Voici quelques photos du d\u00e9fil\u00e9 et de la minute basket.<\/p>\nngg_shortcode_0_placeholder\n","protected":false},"excerpt":{"rendered":"<p>Samedi 24 mars avait lieu notre carnaval pour aider l&#8217;association &#8220;Agir contre la maladie&#8221; de Clisson. Les \u00e9l\u00e8ves ont r\u00e9colt\u00e9 950 euros!&nbsp; Voici quelques photos du d\u00e9fil\u00e9 et de la minute basket.<\/p>\n","protected":false},"author":11,"featured_media":2142,"comment_status":"closed","ping_status":"closed","sticky":false,"template":"","format":"standard","meta":{"ngg_post_thumbnail":0,"footnotes":""},"categories":[19,6,9,5,4],"tags":[],"_links":{"self":[{"href":"https:\/\/maisdonsursevre-steanne.fr\/index.php?rest_route=\/wp\/v2\/posts\/2268"}],"collection":[{"href":"https:\/\/maisdonsursevre-steanne.fr\/index.php?rest_route=\/wp\/v2\/posts"}],"about":[{"href":"https:\/\/maisdonsursevre-steanne.fr\/index.php?rest_route=\/wp\/v2\/types\/post"}],"author":[{"embeddable":true,"href":"https:\/\/maisdonsursevre-steanne.fr\/index.php?rest_route=\/wp\/v2\/users\/11"}],"replies":[{"embeddable":true,"href":"https:\/\/maisdonsursevre-steanne.fr\/index.php?rest_route=%2Fwp%2Fv2%2Fcomments&post=2268"}],"version-history":[{"count":1,"href":"https:\/\/maisdonsursevre-steanne.fr\/index.php?rest_route=\/wp\/v2\/posts\/2268\/revisions"}],"predecessor-version":[{"id":6505,"href":"https:\/\/maisdonsursevre-steanne.fr\/index.php?rest_route=\/wp\/v2\/posts\/2268\/revisions\/6505"}],"wp:featuredmedia":[{"embeddable":true,"href":"https:\/\/maisdonsursevre-steanne.fr\/index.php?rest_route=\/wp\/v2\/media\/2142"}],"wp:attachment":[{"href":"https:\/\/maisdonsursevre-steanne.fr\/index.php?rest_route=%2Fwp%2Fv2%2Fmedia&parent=2268"}],"wp:term":[{"taxonomy":"category","embeddable":true,"href":"https:\/\/maisdonsursevre-steanne.fr\/index.php?rest_route=%2Fwp%2Fv2%2Fcategories&post=2268"},{"taxonomy":"post_tag","embeddable":true,"href":"https:\/\/maisdonsursevre-steanne.fr\/index.php?rest_route=%2Fwp%2Fv2%2Ftags&post=2268"}],"curies":[{"name":"wp","href":"https:\/\/api.w.org\/{rel}","templated":true}]}}