{"id":2262,"date":"2018-04-13T21:06:26","date_gmt":"2018-04-13T20:06:26","guid":{"rendered":"https:\/\/maisdonsursevre-steanne.fr\/?p=2262"},"modified":"2025-11-20T19:52:10","modified_gmt":"2025-11-20T18:52:10","slug":"decouverte-du-theatre","status":"publish","type":"post","link":"https:\/\/maisdonsursevre-steanne.fr\/?p=2262","title":{"rendered":"D\u00e9couverte du th\u00e9\u00e2tre"},"content":{"rendered":"<p>Le lundi 12 mars, Fran\u00e7ois Chevalier, le metteur en sc\u00e8ne de la pi\u00e8ce &#8220;Sois belle et tais toi&#8221;, est venu dans notre classe.<\/p>\n<p>Il a expliqu\u00e9 son travail, et nous lui avons\u00a0 dit ce que nous avions compris de l&#8217;histoire, ce que nous avons aim\u00e9, ce qui a surpris, ce qui a fait peur&#8230;comme la voix de la B\u00eate.<\/p>\n<p>Ensuite, il a pris le conte Riquet \u00e0 la Houpe et nous avons fait du th\u00e9\u00e2tre. Nous avons d\u00e9couvert comment on transformait un conte en pi\u00e8ce de th\u00e9\u00e2tre. Nous avons jou\u00e9 quelques sc\u00e8nes avec lui.<\/p>\n<p>Cl\u00e9mence, Elina, Laura, Emmy<\/p>\n","protected":false},"excerpt":{"rendered":"<p>Le lundi 12 mars, Fran\u00e7ois Chevalier, le metteur en sc\u00e8ne de la pi\u00e8ce &#8220;Sois belle et tais toi&#8221;, est venu dans notre classe. Il a expliqu\u00e9 son travail, et nous lui avons\u00a0 dit ce que nous avions compris de l&#8217;histoire, ce que nous avons aim\u00e9, ce qui a surpris, ce qui a fait peur&#8230;comme la&hellip; <br \/> <a class=\"read-more\" href=\"https:\/\/maisdonsursevre-steanne.fr\/?p=2262\">Lire la suite<\/a><\/p>\n","protected":false},"author":11,"featured_media":0,"comment_status":"closed","ping_status":"closed","sticky":false,"template":"","format":"standard","meta":{"ngg_post_thumbnail":0,"footnotes":""},"categories":[9],"tags":[],"_links":{"self":[{"href":"https:\/\/maisdonsursevre-steanne.fr\/index.php?rest_route=\/wp\/v2\/posts\/2262"}],"collection":[{"href":"https:\/\/maisdonsursevre-steanne.fr\/index.php?rest_route=\/wp\/v2\/posts"}],"about":[{"href":"https:\/\/maisdonsursevre-steanne.fr\/index.php?rest_route=\/wp\/v2\/types\/post"}],"author":[{"embeddable":true,"href":"https:\/\/maisdonsursevre-steanne.fr\/index.php?rest_route=\/wp\/v2\/users\/11"}],"replies":[{"embeddable":true,"href":"https:\/\/maisdonsursevre-steanne.fr\/index.php?rest_route=%2Fwp%2Fv2%2Fcomments&post=2262"}],"version-history":[{"count":1,"href":"https:\/\/maisdonsursevre-steanne.fr\/index.php?rest_route=\/wp\/v2\/posts\/2262\/revisions"}],"predecessor-version":[{"id":6374,"href":"https:\/\/maisdonsursevre-steanne.fr\/index.php?rest_route=\/wp\/v2\/posts\/2262\/revisions\/6374"}],"wp:attachment":[{"href":"https:\/\/maisdonsursevre-steanne.fr\/index.php?rest_route=%2Fwp%2Fv2%2Fmedia&parent=2262"}],"wp:term":[{"taxonomy":"category","embeddable":true,"href":"https:\/\/maisdonsursevre-steanne.fr\/index.php?rest_route=%2Fwp%2Fv2%2Fcategories&post=2262"},{"taxonomy":"post_tag","embeddable":true,"href":"https:\/\/maisdonsursevre-steanne.fr\/index.php?rest_route=%2Fwp%2Fv2%2Ftags&post=2262"}],"curies":[{"name":"wp","href":"https:\/\/api.w.org\/{rel}","templated":true}]}}