{"id":2257,"date":"2018-04-13T20:55:54","date_gmt":"2018-04-13T19:55:54","guid":{"rendered":"https:\/\/maisdonsursevre-steanne.fr\/?p=2257"},"modified":"2025-11-20T19:52:14","modified_gmt":"2025-11-20T18:52:14","slug":"spectacle-2","status":"publish","type":"post","link":"https:\/\/maisdonsursevre-steanne.fr\/?p=2257","title":{"rendered":"Spectacle"},"content":{"rendered":"<p>Le vendredi avant les vacances, nous sommes all\u00e9s au festival CEP PARTY \u00e0 Vallet.<\/p>\n<p>Nous sommes all\u00e9s voir une pi\u00e8ce de th\u00e9\u00e2tre &#8221; Sois belle et tais toi&#8221;. C&#8217;\u00e9tait une version du conte La Belle et la B\u00eate.<\/p>\n<p>Au d\u00e9but, une dame est arriv\u00e9e et a commenc\u00e9 \u00e0 faire le m\u00e9nage, nous a dit de partir, la spectacle \u00e9tait annul\u00e9 et l\u00e0 l&#8217;histoire a commenc\u00e9!<\/p>\n<p>Les deux com\u00e9diens jouaient tous les personnages: le p\u00e8re, le Belle, la B\u00eate, les soeurs, le narrateur, la f\u00e9e&#8230;.<\/p>\n<p>C&#8217;\u00e9tait tr\u00e8s dr\u00f4le!<\/p>\n<p>Ma\u00e9va, &#8230;. et trois enfants inconnus!!!<\/p>\n<p>&nbsp;<\/p>\n","protected":false},"excerpt":{"rendered":"<p>Le vendredi avant les vacances, nous sommes all\u00e9s au festival CEP PARTY \u00e0 Vallet. Nous sommes all\u00e9s voir une pi\u00e8ce de th\u00e9\u00e2tre &#8221; Sois belle et tais toi&#8221;. C&#8217;\u00e9tait une version du conte La Belle et la B\u00eate. Au d\u00e9but, une dame est arriv\u00e9e et a commenc\u00e9 \u00e0 faire le m\u00e9nage, nous a dit de&hellip; <br \/> <a class=\"read-more\" href=\"https:\/\/maisdonsursevre-steanne.fr\/?p=2257\">Lire la suite<\/a><\/p>\n","protected":false},"author":11,"featured_media":0,"comment_status":"closed","ping_status":"closed","sticky":false,"template":"","format":"standard","meta":{"ngg_post_thumbnail":0,"footnotes":""},"categories":[9],"tags":[],"_links":{"self":[{"href":"https:\/\/maisdonsursevre-steanne.fr\/index.php?rest_route=\/wp\/v2\/posts\/2257"}],"collection":[{"href":"https:\/\/maisdonsursevre-steanne.fr\/index.php?rest_route=\/wp\/v2\/posts"}],"about":[{"href":"https:\/\/maisdonsursevre-steanne.fr\/index.php?rest_route=\/wp\/v2\/types\/post"}],"author":[{"embeddable":true,"href":"https:\/\/maisdonsursevre-steanne.fr\/index.php?rest_route=\/wp\/v2\/users\/11"}],"replies":[{"embeddable":true,"href":"https:\/\/maisdonsursevre-steanne.fr\/index.php?rest_route=%2Fwp%2Fv2%2Fcomments&post=2257"}],"version-history":[{"count":1,"href":"https:\/\/maisdonsursevre-steanne.fr\/index.php?rest_route=\/wp\/v2\/posts\/2257\/revisions"}],"predecessor-version":[{"id":6375,"href":"https:\/\/maisdonsursevre-steanne.fr\/index.php?rest_route=\/wp\/v2\/posts\/2257\/revisions\/6375"}],"wp:attachment":[{"href":"https:\/\/maisdonsursevre-steanne.fr\/index.php?rest_route=%2Fwp%2Fv2%2Fmedia&parent=2257"}],"wp:term":[{"taxonomy":"category","embeddable":true,"href":"https:\/\/maisdonsursevre-steanne.fr\/index.php?rest_route=%2Fwp%2Fv2%2Fcategories&post=2257"},{"taxonomy":"post_tag","embeddable":true,"href":"https:\/\/maisdonsursevre-steanne.fr\/index.php?rest_route=%2Fwp%2Fv2%2Ftags&post=2257"}],"curies":[{"name":"wp","href":"https:\/\/api.w.org\/{rel}","templated":true}]}}