{"id":2253,"date":"2018-04-13T20:48:43","date_gmt":"2018-04-13T19:48:43","guid":{"rendered":"https:\/\/maisdonsursevre-steanne.fr\/?p=2253"},"modified":"2025-11-20T19:52:19","modified_gmt":"2025-11-20T18:52:19","slug":"minute-basket-2","status":"publish","type":"post","link":"https:\/\/maisdonsursevre-steanne.fr\/?p=2253","title":{"rendered":"Minute basket"},"content":{"rendered":"<p><a href=\"https:\/\/maisdonsursevre-steanne.fr\/wp-content\/uploads\/2018\/04\/IMG_0036-1.jpg\"><img loading=\"lazy\" decoding=\"async\" class=\"alignnone size-medium wp-image-2255\" src=\"https:\/\/maisdonsursevre-steanne.fr\/wp-content\/uploads\/2018\/04\/IMG_0036-1-300x169.jpg\" alt=\"\" width=\"300\" height=\"169\" srcset=\"https:\/\/maisdonsursevre-steanne.fr\/wp-content\/uploads\/2018\/04\/IMG_0036-1-300x169.jpg 300w, https:\/\/maisdonsursevre-steanne.fr\/wp-content\/uploads\/2018\/04\/IMG_0036-1-768x432.jpg 768w, https:\/\/maisdonsursevre-steanne.fr\/wp-content\/uploads\/2018\/04\/IMG_0036-1-1024x576.jpg 1024w, https:\/\/maisdonsursevre-steanne.fr\/wp-content\/uploads\/2018\/04\/IMG_0036-1-600x338.jpg 600w, https:\/\/maisdonsursevre-steanne.fr\/wp-content\/uploads\/2018\/04\/IMG_0036-1.jpg 2048w\" sizes=\"(max-width: 300px) 100vw, 300px\" \/><\/a>Lors du carnaval, le samedi 24 mars, tous les \u00e9l\u00e8ves de l&#8217;\u00e9cole ont particip\u00e9 \u00e0 la minute basket.<\/p>\n<p>Les d\u00e9l\u00e9gu\u00e9s de chaque classe ont choisi une association &#8220;Agir contre la maladie&#8221;pour r\u00e9aliser un projet solidaire.\u00a0C&#8217;est pendant le carnaval que nous avons r\u00e9alis\u00e9 notre projet.<\/p>\n<p>Chaque \u00e9l\u00e8ve devait trouver des parrains qui finan\u00e7aient son d\u00e9fi sportif. Lors du carnaval, nous avions une minute pour marquer le maximum de paniers.<\/p>\n<p>Nous avons r\u00e9colt\u00e9 950 euros pour l&#8217;association. Avec l&#8217;argent, elle va acheter une troisi\u00e8me roue tout terrain pour un fauteuil roulant.<\/p>\n<p>Elia, Maxime, Th\u00e9ana et Emilien.<\/p>\n<p>&nbsp;<\/p>\n","protected":false},"excerpt":{"rendered":"<p>Lors du carnaval, le samedi 24 mars, tous les \u00e9l\u00e8ves de l&#8217;\u00e9cole ont particip\u00e9 \u00e0 la minute basket. Les d\u00e9l\u00e9gu\u00e9s de chaque classe ont choisi une association &#8220;Agir contre la maladie&#8221;pour r\u00e9aliser un projet solidaire.\u00a0C&#8217;est pendant le carnaval que nous avons r\u00e9alis\u00e9 notre projet. Chaque \u00e9l\u00e8ve devait trouver des parrains qui finan\u00e7aient son d\u00e9fi sportif.&hellip; <br \/> <a class=\"read-more\" href=\"https:\/\/maisdonsursevre-steanne.fr\/?p=2253\">Lire la suite<\/a><\/p>\n","protected":false},"author":11,"featured_media":0,"comment_status":"closed","ping_status":"closed","sticky":false,"template":"","format":"standard","meta":{"ngg_post_thumbnail":0,"footnotes":""},"categories":[9],"tags":[],"_links":{"self":[{"href":"https:\/\/maisdonsursevre-steanne.fr\/index.php?rest_route=\/wp\/v2\/posts\/2253"}],"collection":[{"href":"https:\/\/maisdonsursevre-steanne.fr\/index.php?rest_route=\/wp\/v2\/posts"}],"about":[{"href":"https:\/\/maisdonsursevre-steanne.fr\/index.php?rest_route=\/wp\/v2\/types\/post"}],"author":[{"embeddable":true,"href":"https:\/\/maisdonsursevre-steanne.fr\/index.php?rest_route=\/wp\/v2\/users\/11"}],"replies":[{"embeddable":true,"href":"https:\/\/maisdonsursevre-steanne.fr\/index.php?rest_route=%2Fwp%2Fv2%2Fcomments&post=2253"}],"version-history":[{"count":1,"href":"https:\/\/maisdonsursevre-steanne.fr\/index.php?rest_route=\/wp\/v2\/posts\/2253\/revisions"}],"predecessor-version":[{"id":6376,"href":"https:\/\/maisdonsursevre-steanne.fr\/index.php?rest_route=\/wp\/v2\/posts\/2253\/revisions\/6376"}],"wp:attachment":[{"href":"https:\/\/maisdonsursevre-steanne.fr\/index.php?rest_route=%2Fwp%2Fv2%2Fmedia&parent=2253"}],"wp:term":[{"taxonomy":"category","embeddable":true,"href":"https:\/\/maisdonsursevre-steanne.fr\/index.php?rest_route=%2Fwp%2Fv2%2Fcategories&post=2253"},{"taxonomy":"post_tag","embeddable":true,"href":"https:\/\/maisdonsursevre-steanne.fr\/index.php?rest_route=%2Fwp%2Fv2%2Ftags&post=2253"}],"curies":[{"name":"wp","href":"https:\/\/api.w.org\/{rel}","templated":true}]}}