{"id":2249,"date":"2018-04-13T20:30:17","date_gmt":"2018-04-13T19:30:17","guid":{"rendered":"https:\/\/maisdonsursevre-steanne.fr\/?p=2249"},"modified":"2025-11-20T19:52:22","modified_gmt":"2025-11-20T18:52:22","slug":"carnaval-5","status":"publish","type":"post","link":"https:\/\/maisdonsursevre-steanne.fr\/?p=2249","title":{"rendered":"Carnaval"},"content":{"rendered":"<p><a href=\"https:\/\/maisdonsursevre-steanne.fr\/wp-content\/uploads\/2018\/04\/IMG_0009.jpg\"><img loading=\"lazy\" decoding=\"async\" class=\"alignnone size-medium wp-image-2251\" src=\"https:\/\/maisdonsursevre-steanne.fr\/wp-content\/uploads\/2018\/04\/IMG_0009-300x169.jpg\" alt=\"\" width=\"300\" height=\"169\" srcset=\"https:\/\/maisdonsursevre-steanne.fr\/wp-content\/uploads\/2018\/04\/IMG_0009-300x169.jpg 300w, https:\/\/maisdonsursevre-steanne.fr\/wp-content\/uploads\/2018\/04\/IMG_0009-768x432.jpg 768w, https:\/\/maisdonsursevre-steanne.fr\/wp-content\/uploads\/2018\/04\/IMG_0009-1024x576.jpg 1024w, https:\/\/maisdonsursevre-steanne.fr\/wp-content\/uploads\/2018\/04\/IMG_0009-600x338.jpg 600w, https:\/\/maisdonsursevre-steanne.fr\/wp-content\/uploads\/2018\/04\/IMG_0009.jpg 2048w\" sizes=\"(max-width: 300px) 100vw, 300px\" \/><\/a>Le carnaval s&#8217;est d\u00e9roul\u00e9 le samedi 24 mars.<\/p>\n<p>Nous \u00e9tions tous d\u00e9guis\u00e9s: des danseurs, une cuisini\u00e8re,\u00a0 Marsupilami, Ast\u00e9rix, des pirates, une polici\u00e8re, un vampire, un diable&#8230;<\/p>\n<p>La maitresse \u00e9tait une pirate!<\/p>\n<p>Nous avons d\u00e9fil\u00e9, en musique,\u00a0 dans les rues de Maisdon jusqu&#8217;\u00e0 la salle de sport.<\/p>\n<p>Quand nous sommes revenus, nous avons partag\u00e9 un moment avec nos parents dans la cour de l&#8217;\u00e9cole.<\/p>\n<p>Flora, Alicia, Baptiste et Lily.<\/p>\n","protected":false},"excerpt":{"rendered":"<p>Le carnaval s&#8217;est d\u00e9roul\u00e9 le samedi 24 mars. Nous \u00e9tions tous d\u00e9guis\u00e9s: des danseurs, une cuisini\u00e8re,\u00a0 Marsupilami, Ast\u00e9rix, des pirates, une polici\u00e8re, un vampire, un diable&#8230; La maitresse \u00e9tait une pirate! Nous avons d\u00e9fil\u00e9, en musique,\u00a0 dans les rues de Maisdon jusqu&#8217;\u00e0 la salle de sport. Quand nous sommes revenus, nous avons partag\u00e9 un moment&hellip; <br \/> <a class=\"read-more\" href=\"https:\/\/maisdonsursevre-steanne.fr\/?p=2249\">Lire la suite<\/a><\/p>\n","protected":false},"author":11,"featured_media":0,"comment_status":"closed","ping_status":"closed","sticky":false,"template":"","format":"standard","meta":{"ngg_post_thumbnail":0,"footnotes":""},"categories":[9],"tags":[],"_links":{"self":[{"href":"https:\/\/maisdonsursevre-steanne.fr\/index.php?rest_route=\/wp\/v2\/posts\/2249"}],"collection":[{"href":"https:\/\/maisdonsursevre-steanne.fr\/index.php?rest_route=\/wp\/v2\/posts"}],"about":[{"href":"https:\/\/maisdonsursevre-steanne.fr\/index.php?rest_route=\/wp\/v2\/types\/post"}],"author":[{"embeddable":true,"href":"https:\/\/maisdonsursevre-steanne.fr\/index.php?rest_route=\/wp\/v2\/users\/11"}],"replies":[{"embeddable":true,"href":"https:\/\/maisdonsursevre-steanne.fr\/index.php?rest_route=%2Fwp%2Fv2%2Fcomments&post=2249"}],"version-history":[{"count":1,"href":"https:\/\/maisdonsursevre-steanne.fr\/index.php?rest_route=\/wp\/v2\/posts\/2249\/revisions"}],"predecessor-version":[{"id":6377,"href":"https:\/\/maisdonsursevre-steanne.fr\/index.php?rest_route=\/wp\/v2\/posts\/2249\/revisions\/6377"}],"wp:attachment":[{"href":"https:\/\/maisdonsursevre-steanne.fr\/index.php?rest_route=%2Fwp%2Fv2%2Fmedia&parent=2249"}],"wp:term":[{"taxonomy":"category","embeddable":true,"href":"https:\/\/maisdonsursevre-steanne.fr\/index.php?rest_route=%2Fwp%2Fv2%2Fcategories&post=2249"},{"taxonomy":"post_tag","embeddable":true,"href":"https:\/\/maisdonsursevre-steanne.fr\/index.php?rest_route=%2Fwp%2Fv2%2Ftags&post=2249"}],"curies":[{"name":"wp","href":"https:\/\/api.w.org\/{rel}","templated":true}]}}