{"id":2204,"date":"2018-04-11T21:28:11","date_gmt":"2018-04-11T20:28:11","guid":{"rendered":"https:\/\/maisdonsursevre-steanne.fr\/?p=2204"},"modified":"2025-11-20T20:01:25","modified_gmt":"2025-11-20T19:01:25","slug":"lecture-de-contes-a-nos-filleuls","status":"publish","type":"post","link":"https:\/\/maisdonsursevre-steanne.fr\/?p=2204","title":{"rendered":"Lecture de contes \u00e0 nos filleuls"},"content":{"rendered":"<p>Chaque vendredi, nous lisons des contes \u00e0 nos filleuls (les musiciens de Br\u00eame, Poucette, la princesse au petit pois, le vilain petit canard et le chat bott\u00e9).<\/p>\n<p>Nous nous entra\u00eenons \u00e0 lite \u00e0 voix haute pour que nos filleuls comprennent bien.<\/p>\n<p>Quand il fait beau, on peut aller lire dehors!<\/p>\n<p>Jade, Eline et Aliz\u00e9<\/p>\n","protected":false},"excerpt":{"rendered":"<p>Chaque vendredi, nous lisons des contes \u00e0 nos filleuls (les musiciens de Br\u00eame, Poucette, la princesse au petit pois, le vilain petit canard et le chat bott\u00e9). Nous nous entra\u00eenons \u00e0 lite \u00e0 voix haute pour que nos filleuls comprennent bien. Quand il fait beau, on peut aller lire dehors! Jade, Eline et Aliz\u00e9<\/p>\n","protected":false},"author":11,"featured_media":0,"comment_status":"closed","ping_status":"closed","sticky":false,"template":"","format":"standard","meta":{"ngg_post_thumbnail":0,"footnotes":""},"categories":[9],"tags":[],"_links":{"self":[{"href":"https:\/\/maisdonsursevre-steanne.fr\/index.php?rest_route=\/wp\/v2\/posts\/2204"}],"collection":[{"href":"https:\/\/maisdonsursevre-steanne.fr\/index.php?rest_route=\/wp\/v2\/posts"}],"about":[{"href":"https:\/\/maisdonsursevre-steanne.fr\/index.php?rest_route=\/wp\/v2\/types\/post"}],"author":[{"embeddable":true,"href":"https:\/\/maisdonsursevre-steanne.fr\/index.php?rest_route=\/wp\/v2\/users\/11"}],"replies":[{"embeddable":true,"href":"https:\/\/maisdonsursevre-steanne.fr\/index.php?rest_route=%2Fwp%2Fv2%2Fcomments&post=2204"}],"version-history":[{"count":1,"href":"https:\/\/maisdonsursevre-steanne.fr\/index.php?rest_route=\/wp\/v2\/posts\/2204\/revisions"}],"predecessor-version":[{"id":6434,"href":"https:\/\/maisdonsursevre-steanne.fr\/index.php?rest_route=\/wp\/v2\/posts\/2204\/revisions\/6434"}],"wp:attachment":[{"href":"https:\/\/maisdonsursevre-steanne.fr\/index.php?rest_route=%2Fwp%2Fv2%2Fmedia&parent=2204"}],"wp:term":[{"taxonomy":"category","embeddable":true,"href":"https:\/\/maisdonsursevre-steanne.fr\/index.php?rest_route=%2Fwp%2Fv2%2Fcategories&post=2204"},{"taxonomy":"post_tag","embeddable":true,"href":"https:\/\/maisdonsursevre-steanne.fr\/index.php?rest_route=%2Fwp%2Fv2%2Ftags&post=2204"}],"curies":[{"name":"wp","href":"https:\/\/api.w.org\/{rel}","templated":true}]}}