{"id":2111,"date":"2018-02-21T19:08:25","date_gmt":"2018-02-21T18:08:25","guid":{"rendered":"https:\/\/maisdonsursevre-steanne.fr\/?p=2111"},"modified":"2025-11-20T19:53:02","modified_gmt":"2025-11-20T18:53:02","slug":"cep-party","status":"publish","type":"post","link":"https:\/\/maisdonsursevre-steanne.fr\/?p=2111","title":{"rendered":"CEP PARTY"},"content":{"rendered":"<p>Mardi 20 f\u00e9vrier, nous sommes all\u00e9s \u00e0 Vallet dans le cadre du festival CEP&#8217; PARTY. Nous sommes all\u00e9s voir &#8220;Hansel et Gretel&#8221; interpr\u00e9t\u00e9 par 3 com\u00e9diens musiciens. Ils nous ont fait d\u00e9couvrir\/red\u00e9couvrir ce conte traditionnel des fr\u00e8res Grimm en jouant de la scie, de la luth, du violon, du piano \u00e0 pouce&#8230;<\/p>\n<p>L&#8217;ensemble des enfants ont beaucoup appr\u00e9ci\u00e9 ce spectacle!<\/p>\n\n\t\t<style type=\"text\/css\">\n\t\t\t#gallery-1 {\n\t\t\t\tmargin: auto;\n\t\t\t}\n\t\t\t#gallery-1 .gallery-item {\n\t\t\t\tfloat: left;\n\t\t\t\tmargin-top: 10px;\n\t\t\t\ttext-align: center;\n\t\t\t\twidth: 33%;\n\t\t\t}\n\t\t\t#gallery-1 img {\n\t\t\t\tborder: 2px solid #cfcfcf;\n\t\t\t}\n\t\t\t#gallery-1 .gallery-caption {\n\t\t\t\tmargin-left: 0;\n\t\t\t}\n\t\t\t\/* see gallery_shortcode() in wp-includes\/media.php *\/\n\t\t<\/style>\n\t\t<div id='gallery-1' class='gallery galleryid-2111 gallery-columns-3 gallery-size-medium'><dl class='gallery-item'>\n\t\t\t<dt class='gallery-icon portrait'>\n\t\t\t\t<a href='https:\/\/maisdonsursevre-steanne.fr\/?attachment_id=2113'><img loading=\"lazy\" decoding=\"async\" width=\"212\" height=\"300\" src=\"https:\/\/maisdonsursevre-steanne.fr\/wp-content\/uploads\/2018\/02\/AFFICHE-hansel-et-Gretel-212x300.jpg\" class=\"attachment-medium size-medium\" alt=\"\" srcset=\"https:\/\/maisdonsursevre-steanne.fr\/wp-content\/uploads\/2018\/02\/AFFICHE-hansel-et-Gretel-212x300.jpg 212w, https:\/\/maisdonsursevre-steanne.fr\/wp-content\/uploads\/2018\/02\/AFFICHE-hansel-et-Gretel-768x1086.jpg 768w, https:\/\/maisdonsursevre-steanne.fr\/wp-content\/uploads\/2018\/02\/AFFICHE-hansel-et-Gretel-724x1024.jpg 724w, https:\/\/maisdonsursevre-steanne.fr\/wp-content\/uploads\/2018\/02\/AFFICHE-hansel-et-Gretel-600x849.jpg 600w, https:\/\/maisdonsursevre-steanne.fr\/wp-content\/uploads\/2018\/02\/AFFICHE-hansel-et-Gretel.jpg 1448w\" sizes=\"(max-width: 212px) 100vw, 212px\" \/><\/a>\n\t\t\t<\/dt><\/dl><dl class='gallery-item'>\n\t\t\t<dt class='gallery-icon portrait'>\n\t\t\t\t<a href='https:\/\/maisdonsursevre-steanne.fr\/?attachment_id=2112'><img loading=\"lazy\" decoding=\"async\" width=\"225\" height=\"300\" src=\"https:\/\/maisdonsursevre-steanne.fr\/wp-content\/uploads\/2018\/02\/photo-1-225x300.jpg\" class=\"attachment-medium size-medium\" alt=\"\" srcset=\"https:\/\/maisdonsursevre-steanne.fr\/wp-content\/uploads\/2018\/02\/photo-1-225x300.jpg 225w, https:\/\/maisdonsursevre-steanne.fr\/wp-content\/uploads\/2018\/02\/photo-1-768x1024.jpg 768w, https:\/\/maisdonsursevre-steanne.fr\/wp-content\/uploads\/2018\/02\/photo-1-600x800.jpg 600w, https:\/\/maisdonsursevre-steanne.fr\/wp-content\/uploads\/2018\/02\/photo-1.jpg 1536w\" sizes=\"(max-width: 225px) 100vw, 225px\" \/><\/a>\n\t\t\t<\/dt><\/dl><dl class='gallery-item'>\n\t\t\t<dt class='gallery-icon portrait'>\n\t\t\t\t<a href='https:\/\/maisdonsursevre-steanne.fr\/?attachment_id=2114'><img loading=\"lazy\" decoding=\"async\" width=\"225\" height=\"300\" src=\"https:\/\/maisdonsursevre-steanne.fr\/wp-content\/uploads\/2018\/02\/photo-2-225x300.jpg\" class=\"attachment-medium size-medium\" alt=\"\" srcset=\"https:\/\/maisdonsursevre-steanne.fr\/wp-content\/uploads\/2018\/02\/photo-2-225x300.jpg 225w, https:\/\/maisdonsursevre-steanne.fr\/wp-content\/uploads\/2018\/02\/photo-2-768x1024.jpg 768w, https:\/\/maisdonsursevre-steanne.fr\/wp-content\/uploads\/2018\/02\/photo-2-600x800.jpg 600w, https:\/\/maisdonsursevre-steanne.fr\/wp-content\/uploads\/2018\/02\/photo-2.jpg 1536w\" sizes=\"(max-width: 225px) 100vw, 225px\" \/><\/a>\n\t\t\t<\/dt><\/dl><br style=\"clear: both\" \/><dl class='gallery-item'>\n\t\t\t<dt class='gallery-icon landscape'>\n\t\t\t\t<a href='https:\/\/maisdonsursevre-steanne.fr\/?attachment_id=2115'><img loading=\"lazy\" decoding=\"async\" width=\"300\" height=\"225\" src=\"https:\/\/maisdonsursevre-steanne.fr\/wp-content\/uploads\/2018\/02\/photo-3-300x225.jpg\" class=\"attachment-medium size-medium\" alt=\"\" srcset=\"https:\/\/maisdonsursevre-steanne.fr\/wp-content\/uploads\/2018\/02\/photo-3-300x225.jpg 300w, https:\/\/maisdonsursevre-steanne.fr\/wp-content\/uploads\/2018\/02\/photo-3-768x576.jpg 768w, https:\/\/maisdonsursevre-steanne.fr\/wp-content\/uploads\/2018\/02\/photo-3-1024x768.jpg 1024w, https:\/\/maisdonsursevre-steanne.fr\/wp-content\/uploads\/2018\/02\/photo-3-600x450.jpg 600w, https:\/\/maisdonsursevre-steanne.fr\/wp-content\/uploads\/2018\/02\/photo-3.jpg 2048w\" sizes=\"(max-width: 300px) 100vw, 300px\" \/><\/a>\n\t\t\t<\/dt><\/dl>\n\t\t\t<br style='clear: both' \/>\n\t\t<\/div>\n\n<p>&nbsp;&nbsp;&nbsp;<\/p>\n","protected":false},"excerpt":{"rendered":"<p>Mardi 20 f\u00e9vrier, nous sommes all\u00e9s \u00e0 Vallet dans le cadre du festival CEP&#8217; PARTY. Nous sommes all\u00e9s voir &#8220;Hansel et Gretel&#8221; interpr\u00e9t\u00e9 par 3 com\u00e9diens musiciens. Ils nous ont fait d\u00e9couvrir\/red\u00e9couvrir ce conte traditionnel des fr\u00e8res Grimm en jouant de la scie, de la luth, du violon, du piano \u00e0 pouce&#8230; L&#8217;ensemble des enfants&hellip; <br \/> <a class=\"read-more\" href=\"https:\/\/maisdonsursevre-steanne.fr\/?p=2111\">Lire la suite<\/a><\/p>\n","protected":false},"author":11,"featured_media":0,"comment_status":"closed","ping_status":"closed","sticky":false,"template":"","format":"standard","meta":{"ngg_post_thumbnail":0,"footnotes":""},"categories":[9],"tags":[],"_links":{"self":[{"href":"https:\/\/maisdonsursevre-steanne.fr\/index.php?rest_route=\/wp\/v2\/posts\/2111"}],"collection":[{"href":"https:\/\/maisdonsursevre-steanne.fr\/index.php?rest_route=\/wp\/v2\/posts"}],"about":[{"href":"https:\/\/maisdonsursevre-steanne.fr\/index.php?rest_route=\/wp\/v2\/types\/post"}],"author":[{"embeddable":true,"href":"https:\/\/maisdonsursevre-steanne.fr\/index.php?rest_route=\/wp\/v2\/users\/11"}],"replies":[{"embeddable":true,"href":"https:\/\/maisdonsursevre-steanne.fr\/index.php?rest_route=%2Fwp%2Fv2%2Fcomments&post=2111"}],"version-history":[{"count":1,"href":"https:\/\/maisdonsursevre-steanne.fr\/index.php?rest_route=\/wp\/v2\/posts\/2111\/revisions"}],"predecessor-version":[{"id":6383,"href":"https:\/\/maisdonsursevre-steanne.fr\/index.php?rest_route=\/wp\/v2\/posts\/2111\/revisions\/6383"}],"wp:attachment":[{"href":"https:\/\/maisdonsursevre-steanne.fr\/index.php?rest_route=%2Fwp%2Fv2%2Fmedia&parent=2111"}],"wp:term":[{"taxonomy":"category","embeddable":true,"href":"https:\/\/maisdonsursevre-steanne.fr\/index.php?rest_route=%2Fwp%2Fv2%2Fcategories&post=2111"},{"taxonomy":"post_tag","embeddable":true,"href":"https:\/\/maisdonsursevre-steanne.fr\/index.php?rest_route=%2Fwp%2Fv2%2Ftags&post=2111"}],"curies":[{"name":"wp","href":"https:\/\/api.w.org\/{rel}","templated":true}]}}