{"id":205,"date":"2015-09-28T17:22:25","date_gmt":"2015-09-28T16:22:25","guid":{"rendered":"https:\/\/maisdonsursevre-steanne.fr\/?p=205"},"modified":"2015-09-28T17:22:25","modified_gmt":"2015-09-28T16:22:25","slug":"election-des-delegues","status":"publish","type":"post","link":"https:\/\/maisdonsursevre-steanne.fr\/?p=205","title":{"rendered":"Election des d\u00e9l\u00e9gu\u00e9s"},"content":{"rendered":"<p>Ca y est nous avons \u00e9lu nos d\u00e9l\u00e9gu\u00e9s pour cette nouvelle ann\u00e9e. Parmi les volontaires, chacun d&#8217;entre nous a choisi un gar\u00e7on et une fille. Ensuite nous avons compt\u00e9 les &#8220;points&#8221; de chacun et HIPPOLYTE et MADELINE ont \u00e9t\u00e9 \u00e9lus. Jade, Aliz\u00e9 et Lucas G. sont rempla\u00e7ants. BRAVO \u00e0 eux!!!<\/p>\n<p><a href=\"https:\/\/maisdonsursevre-steanne.fr\/wp-content\/uploads\/2015\/09\/P1200075.jpg\"><img loading=\"lazy\" decoding=\"async\" class=\"size-medium wp-image-220 aligncenter\" src=\"https:\/\/maisdonsursevre-steanne.fr\/wp-content\/uploads\/2015\/09\/P1200075-225x300.jpg\" alt=\"P1200075\" width=\"225\" height=\"300\" srcset=\"https:\/\/maisdonsursevre-steanne.fr\/wp-content\/uploads\/2015\/09\/P1200075-225x300.jpg 225w, https:\/\/maisdonsursevre-steanne.fr\/wp-content\/uploads\/2015\/09\/P1200075-768x1024.jpg 768w, https:\/\/maisdonsursevre-steanne.fr\/wp-content\/uploads\/2015\/09\/P1200075.jpg 1536w\" sizes=\"(max-width: 225px) 100vw, 225px\" \/><\/a><\/p>\n","protected":false},"excerpt":{"rendered":"<p>Ca y est nous avons \u00e9lu nos d\u00e9l\u00e9gu\u00e9s pour cette nouvelle ann\u00e9e. Parmi les volontaires, chacun d&#8217;entre nous a choisi un gar\u00e7on et une fille. Ensuite nous avons compt\u00e9 les &#8220;points&#8221; de chacun et HIPPOLYTE et MADELINE ont \u00e9t\u00e9 \u00e9lus. Jade, Aliz\u00e9 et Lucas G. sont rempla\u00e7ants. BRAVO \u00e0 eux!!!<\/p>\n","protected":false},"author":11,"featured_media":0,"comment_status":"closed","ping_status":"closed","sticky":false,"template":"","format":"standard","meta":{"ngg_post_thumbnail":0,"footnotes":""},"categories":[5],"tags":[],"_links":{"self":[{"href":"https:\/\/maisdonsursevre-steanne.fr\/index.php?rest_route=\/wp\/v2\/posts\/205"}],"collection":[{"href":"https:\/\/maisdonsursevre-steanne.fr\/index.php?rest_route=\/wp\/v2\/posts"}],"about":[{"href":"https:\/\/maisdonsursevre-steanne.fr\/index.php?rest_route=\/wp\/v2\/types\/post"}],"author":[{"embeddable":true,"href":"https:\/\/maisdonsursevre-steanne.fr\/index.php?rest_route=\/wp\/v2\/users\/11"}],"replies":[{"embeddable":true,"href":"https:\/\/maisdonsursevre-steanne.fr\/index.php?rest_route=%2Fwp%2Fv2%2Fcomments&post=205"}],"version-history":[{"count":0,"href":"https:\/\/maisdonsursevre-steanne.fr\/index.php?rest_route=\/wp\/v2\/posts\/205\/revisions"}],"wp:attachment":[{"href":"https:\/\/maisdonsursevre-steanne.fr\/index.php?rest_route=%2Fwp%2Fv2%2Fmedia&parent=205"}],"wp:term":[{"taxonomy":"category","embeddable":true,"href":"https:\/\/maisdonsursevre-steanne.fr\/index.php?rest_route=%2Fwp%2Fv2%2Fcategories&post=205"},{"taxonomy":"post_tag","embeddable":true,"href":"https:\/\/maisdonsursevre-steanne.fr\/index.php?rest_route=%2Fwp%2Fv2%2Ftags&post=205"}],"curies":[{"name":"wp","href":"https:\/\/api.w.org\/{rel}","templated":true}]}}