{"id":1762,"date":"2017-10-19T10:08:40","date_gmt":"2017-10-19T09:08:40","guid":{"rendered":"https:\/\/maisdonsursevre-steanne.fr\/?p=1762"},"modified":"2025-11-20T20:02:39","modified_gmt":"2025-11-20T19:02:39","slug":"invitation-de-nos-filleuls","status":"publish","type":"post","link":"https:\/\/maisdonsursevre-steanne.fr\/?p=1762","title":{"rendered":"Invitation de nos filleuls"},"content":{"rendered":"<p>Mardi, nos filleuls nous ont invit\u00e9s \u00e0 manger le g\u00e2teau d&#8217;anniversaire des enfants n\u00e9s au mois d&#8217;octobre. Ils nous ont pr\u00e9par\u00e9s une d\u00e9licieuse tarte au potiron-chocolat.<\/p>\n<p>Voici quelques photos et surtout la recette!<\/p>\n<p><iframe src=\"\/\/docs.google.com\/viewer?url=https%3A%2F%2Fmaisdonsursevre-steanne.fr%2Fwp-content%2Fuploads%2F2017%2F10%2Frecette-tarte-potiron-chocolat.pdf&hl=fr&embedded=true\" class=\"gde-frame\" style=\"width:100%; height:500px; border: none;\" scrolling=\"no\"><\/iframe>\n<p class=\"gde-text\"><a href=\"https:\/\/maisdonsursevre-steanne.fr\/wp-content\/uploads\/2017\/10\/recette-tarte-potiron-chocolat.pdf\" class=\"gde-link\">T\u00e9l\u00e9charger (PDF, 58KB)<\/a><\/p> <img loading=\"lazy\" decoding=\"async\" class=\"wp-image-1764 aligncenter\" src=\"https:\/\/maisdonsursevre-steanne.fr\/wp-content\/uploads\/2017\/10\/tarte-2-300x225.jpg\" alt=\"\" width=\"375\" height=\"281\" srcset=\"https:\/\/maisdonsursevre-steanne.fr\/wp-content\/uploads\/2017\/10\/tarte-2-300x225.jpg 300w, https:\/\/maisdonsursevre-steanne.fr\/wp-content\/uploads\/2017\/10\/tarte-2-768x576.jpg 768w, https:\/\/maisdonsursevre-steanne.fr\/wp-content\/uploads\/2017\/10\/tarte-2-1024x768.jpg 1024w, https:\/\/maisdonsursevre-steanne.fr\/wp-content\/uploads\/2017\/10\/tarte-2-600x450.jpg 600w, https:\/\/maisdonsursevre-steanne.fr\/wp-content\/uploads\/2017\/10\/tarte-2.jpg 2048w\" sizes=\"(max-width: 375px) 100vw, 375px\" \/> <img loading=\"lazy\" decoding=\"async\" class=\"wp-image-1765 aligncenter\" src=\"https:\/\/maisdonsursevre-steanne.fr\/wp-content\/uploads\/2017\/10\/tarte-300x225.jpg\" alt=\"\" width=\"371\" height=\"278\" srcset=\"https:\/\/maisdonsursevre-steanne.fr\/wp-content\/uploads\/2017\/10\/tarte-300x225.jpg 300w, https:\/\/maisdonsursevre-steanne.fr\/wp-content\/uploads\/2017\/10\/tarte-768x576.jpg 768w, https:\/\/maisdonsursevre-steanne.fr\/wp-content\/uploads\/2017\/10\/tarte-1024x768.jpg 1024w, https:\/\/maisdonsursevre-steanne.fr\/wp-content\/uploads\/2017\/10\/tarte-600x450.jpg 600w, https:\/\/maisdonsursevre-steanne.fr\/wp-content\/uploads\/2017\/10\/tarte.jpg 2048w\" sizes=\"(max-width: 371px) 100vw, 371px\" \/><\/p>\n","protected":false},"excerpt":{"rendered":"<p>Mardi, nos filleuls nous ont invit\u00e9s \u00e0 manger le g\u00e2teau d&#8217;anniversaire des enfants n\u00e9s au mois d&#8217;octobre. Ils nous ont pr\u00e9par\u00e9s une d\u00e9licieuse tarte au potiron-chocolat. Voici quelques photos et surtout la recette!<\/p>\n","protected":false},"author":11,"featured_media":0,"comment_status":"closed","ping_status":"closed","sticky":false,"template":"","format":"standard","meta":{"ngg_post_thumbnail":0,"footnotes":""},"categories":[9],"tags":[],"_links":{"self":[{"href":"https:\/\/maisdonsursevre-steanne.fr\/index.php?rest_route=\/wp\/v2\/posts\/1762"}],"collection":[{"href":"https:\/\/maisdonsursevre-steanne.fr\/index.php?rest_route=\/wp\/v2\/posts"}],"about":[{"href":"https:\/\/maisdonsursevre-steanne.fr\/index.php?rest_route=\/wp\/v2\/types\/post"}],"author":[{"embeddable":true,"href":"https:\/\/maisdonsursevre-steanne.fr\/index.php?rest_route=\/wp\/v2\/users\/11"}],"replies":[{"embeddable":true,"href":"https:\/\/maisdonsursevre-steanne.fr\/index.php?rest_route=%2Fwp%2Fv2%2Fcomments&post=1762"}],"version-history":[{"count":1,"href":"https:\/\/maisdonsursevre-steanne.fr\/index.php?rest_route=\/wp\/v2\/posts\/1762\/revisions"}],"predecessor-version":[{"id":6444,"href":"https:\/\/maisdonsursevre-steanne.fr\/index.php?rest_route=\/wp\/v2\/posts\/1762\/revisions\/6444"}],"wp:attachment":[{"href":"https:\/\/maisdonsursevre-steanne.fr\/index.php?rest_route=%2Fwp%2Fv2%2Fmedia&parent=1762"}],"wp:term":[{"taxonomy":"category","embeddable":true,"href":"https:\/\/maisdonsursevre-steanne.fr\/index.php?rest_route=%2Fwp%2Fv2%2Fcategories&post=1762"},{"taxonomy":"post_tag","embeddable":true,"href":"https:\/\/maisdonsursevre-steanne.fr\/index.php?rest_route=%2Fwp%2Fv2%2Ftags&post=1762"}],"curies":[{"name":"wp","href":"https:\/\/api.w.org\/{rel}","templated":true}]}}