{"id":1733,"date":"2017-10-12T15:26:23","date_gmt":"2017-10-12T14:26:23","guid":{"rendered":"https:\/\/maisdonsursevre-steanne.fr\/?p=1733"},"modified":"2017-10-12T15:27:13","modified_gmt":"2017-10-12T14:27:13","slug":"matinee-du-gout","status":"publish","type":"post","link":"https:\/\/maisdonsursevre-steanne.fr\/?p=1733","title":{"rendered":"Matin\u00e9e du gout"},"content":{"rendered":"<p>Mercredi 11 octobre a eu lieu une matin\u00e9e extraordinaire en lien avec la semaine du gout.<\/p>\n<p>Nous avons \u00e9t\u00e9 prendre un petit d\u00e9jeuner \u00e0 la cantine avec C\u00e9dric (le cuisinier) qui nous a expliqu\u00e9 les quantit\u00e9s que les enfants devaient prendre chaque matin.<\/p>\n<p>Ensuite, nous sommes retourn\u00e9s \u00e0 l&#8217;\u00e9cole pour participer \u00e0 2 ateliers en lien avec les arts:<\/p>\n<ul>\n<li>cr\u00e9ation de cocktail<\/li>\n<li>cr\u00e9ation culinaire<\/li>\n<\/ul>\n<p>Voici quelques photos de notre matin\u00e9e qui fut un vrai succ\u00e8s aupr\u00e8s des enfants, des parents pr\u00e9sents et des enseignantes!<\/p>\nngg_shortcode_0_placeholder\n","protected":false},"excerpt":{"rendered":"<p>Mercredi 11 octobre a eu lieu une matin\u00e9e extraordinaire en lien avec la semaine du gout. Nous avons \u00e9t\u00e9 prendre un petit d\u00e9jeuner \u00e0 la cantine avec C\u00e9dric (le cuisinier) qui nous a expliqu\u00e9 les quantit\u00e9s que les enfants devaient prendre chaque matin. Ensuite, nous sommes retourn\u00e9s \u00e0 l&#8217;\u00e9cole pour participer \u00e0 2 ateliers en&hellip; <br \/> <a class=\"read-more\" href=\"https:\/\/maisdonsursevre-steanne.fr\/?p=1733\">Lire la suite<\/a><\/p>\n","protected":false},"author":11,"featured_media":0,"comment_status":"closed","ping_status":"closed","sticky":false,"template":"","format":"standard","meta":{"ngg_post_thumbnail":0,"footnotes":""},"categories":[6,9],"tags":[],"_links":{"self":[{"href":"https:\/\/maisdonsursevre-steanne.fr\/index.php?rest_route=\/wp\/v2\/posts\/1733"}],"collection":[{"href":"https:\/\/maisdonsursevre-steanne.fr\/index.php?rest_route=\/wp\/v2\/posts"}],"about":[{"href":"https:\/\/maisdonsursevre-steanne.fr\/index.php?rest_route=\/wp\/v2\/types\/post"}],"author":[{"embeddable":true,"href":"https:\/\/maisdonsursevre-steanne.fr\/index.php?rest_route=\/wp\/v2\/users\/11"}],"replies":[{"embeddable":true,"href":"https:\/\/maisdonsursevre-steanne.fr\/index.php?rest_route=%2Fwp%2Fv2%2Fcomments&post=1733"}],"version-history":[{"count":0,"href":"https:\/\/maisdonsursevre-steanne.fr\/index.php?rest_route=\/wp\/v2\/posts\/1733\/revisions"}],"wp:attachment":[{"href":"https:\/\/maisdonsursevre-steanne.fr\/index.php?rest_route=%2Fwp%2Fv2%2Fmedia&parent=1733"}],"wp:term":[{"taxonomy":"category","embeddable":true,"href":"https:\/\/maisdonsursevre-steanne.fr\/index.php?rest_route=%2Fwp%2Fv2%2Fcategories&post=1733"},{"taxonomy":"post_tag","embeddable":true,"href":"https:\/\/maisdonsursevre-steanne.fr\/index.php?rest_route=%2Fwp%2Fv2%2Ftags&post=1733"}],"curies":[{"name":"wp","href":"https:\/\/api.w.org\/{rel}","templated":true}]}}