{"id":1689,"date":"2017-09-07T10:28:24","date_gmt":"2017-09-07T09:28:24","guid":{"rendered":"https:\/\/maisdonsursevre-steanne.fr\/?p=1689"},"modified":"2017-09-07T10:28:24","modified_gmt":"2017-09-07T09:28:24","slug":"gouter-de-rentree-3","status":"publish","type":"post","link":"https:\/\/maisdonsursevre-steanne.fr\/?p=1689","title":{"rendered":"go\u00fbter de rentr\u00e9e"},"content":{"rendered":"<p><span style=\"color: #0000ff;\">Ce matin, nous avons fait notre go\u00fbter de rentr\u00e9e. <\/span><\/p>\n<p><span style=\"color: #0000ff;\">Nous avons tout d&#8217;abord souhait\u00e9 le bienvenue aux PS et aux nouveaux \u00e9l\u00e8ves de l&#8217;\u00e9cole. Nous avons aussi pr\u00e9sent\u00e9 les nouvelles ma\u00eetresses et le th\u00e8me de cette ann\u00e9e. Puis, nous avons chant\u00e9 le chant que nous pr\u00e9senterons lors du pot de rentr\u00e9e avec les parents.<\/span><\/p>\n<p><span style=\"color: #0000ff;\">Pour terminer, nous avons pris un petit go\u00fbter pour f\u00eater la rentr\u00e9e.<\/span><\/p>\n<p><span style=\"color: #0000ff;\">Nous \u00e9tions contents de nous retrouver.<\/span><\/p>\n<p>&nbsp;&nbsp;<\/p>\nngg_shortcode_0_placeholder\n","protected":false},"excerpt":{"rendered":"<p>Ce matin, nous avons fait notre go\u00fbter de rentr\u00e9e. Nous avons tout d&#8217;abord souhait\u00e9 le bienvenue aux PS et aux nouveaux \u00e9l\u00e8ves de l&#8217;\u00e9cole. Nous avons aussi pr\u00e9sent\u00e9 les nouvelles ma\u00eetresses et le th\u00e8me de cette ann\u00e9e. Puis, nous avons chant\u00e9 le chant que nous pr\u00e9senterons lors du pot de rentr\u00e9e avec les parents. Pour&hellip; <br \/> <a class=\"read-more\" href=\"https:\/\/maisdonsursevre-steanne.fr\/?p=1689\">Lire la suite<\/a><\/p>\n","protected":false},"author":11,"featured_media":0,"comment_status":"closed","ping_status":"closed","sticky":false,"template":"","format":"standard","meta":{"ngg_post_thumbnail":0,"footnotes":""},"categories":[6,9,5,4],"tags":[],"_links":{"self":[{"href":"https:\/\/maisdonsursevre-steanne.fr\/index.php?rest_route=\/wp\/v2\/posts\/1689"}],"collection":[{"href":"https:\/\/maisdonsursevre-steanne.fr\/index.php?rest_route=\/wp\/v2\/posts"}],"about":[{"href":"https:\/\/maisdonsursevre-steanne.fr\/index.php?rest_route=\/wp\/v2\/types\/post"}],"author":[{"embeddable":true,"href":"https:\/\/maisdonsursevre-steanne.fr\/index.php?rest_route=\/wp\/v2\/users\/11"}],"replies":[{"embeddable":true,"href":"https:\/\/maisdonsursevre-steanne.fr\/index.php?rest_route=%2Fwp%2Fv2%2Fcomments&post=1689"}],"version-history":[{"count":0,"href":"https:\/\/maisdonsursevre-steanne.fr\/index.php?rest_route=\/wp\/v2\/posts\/1689\/revisions"}],"wp:attachment":[{"href":"https:\/\/maisdonsursevre-steanne.fr\/index.php?rest_route=%2Fwp%2Fv2%2Fmedia&parent=1689"}],"wp:term":[{"taxonomy":"category","embeddable":true,"href":"https:\/\/maisdonsursevre-steanne.fr\/index.php?rest_route=%2Fwp%2Fv2%2Fcategories&post=1689"},{"taxonomy":"post_tag","embeddable":true,"href":"https:\/\/maisdonsursevre-steanne.fr\/index.php?rest_route=%2Fwp%2Fv2%2Ftags&post=1689"}],"curies":[{"name":"wp","href":"https:\/\/api.w.org\/{rel}","templated":true}]}}