{"id":1534,"date":"2017-04-28T08:55:29","date_gmt":"2017-04-28T07:55:29","guid":{"rendered":"https:\/\/maisdonsursevre-steanne.fr\/?p=1534"},"modified":"2017-04-28T08:55:29","modified_gmt":"2017-04-28T07:55:29","slug":"depart-pour-labbatiale-et-la-maison-touristique-de-passay","status":"publish","type":"post","link":"https:\/\/maisdonsursevre-steanne.fr\/?p=1534","title":{"rendered":"d\u00e9part pour l&#8217;abbatiale et la maison touristique de Passay"},"content":{"rendered":"<p>Les maternelles ont bien pris le car pour se rendre \u00e0 l&#8217;abbatiale de St Philbert de Grand-Lieu et \u00e0 la maison touristique de Passay (La Chevroli\u00e8re).<\/p>\n<p>Bonne journ\u00e9e \u00e0 eux!<\/p>\n<p><a href=\"https:\/\/maisdonsursevre-steanne.fr\/wp-content\/uploads\/2017\/04\/sortie-maternelles-passay-abbatiale-1.jpg\"><img loading=\"lazy\" decoding=\"async\" class=\"alignnone size-medium wp-image-1535\" src=\"https:\/\/maisdonsursevre-steanne.fr\/wp-content\/uploads\/2017\/04\/sortie-maternelles-passay-abbatiale-1-300x180.jpg\" alt=\"\" width=\"300\" height=\"180\" srcset=\"https:\/\/maisdonsursevre-steanne.fr\/wp-content\/uploads\/2017\/04\/sortie-maternelles-passay-abbatiale-1-300x180.jpg 300w, https:\/\/maisdonsursevre-steanne.fr\/wp-content\/uploads\/2017\/04\/sortie-maternelles-passay-abbatiale-1-768x461.jpg 768w, https:\/\/maisdonsursevre-steanne.fr\/wp-content\/uploads\/2017\/04\/sortie-maternelles-passay-abbatiale-1-1024x615.jpg 1024w, https:\/\/maisdonsursevre-steanne.fr\/wp-content\/uploads\/2017\/04\/sortie-maternelles-passay-abbatiale-1-600x360.jpg 600w, https:\/\/maisdonsursevre-steanne.fr\/wp-content\/uploads\/2017\/04\/sortie-maternelles-passay-abbatiale-1.jpg 2048w\" sizes=\"(max-width: 300px) 100vw, 300px\" \/><\/a> <a href=\"https:\/\/maisdonsursevre-steanne.fr\/wp-content\/uploads\/2017\/04\/sortie-maternelles-passay-abbatiale-2.jpg\"><img loading=\"lazy\" decoding=\"async\" class=\"alignnone size-medium wp-image-1536\" src=\"https:\/\/maisdonsursevre-steanne.fr\/wp-content\/uploads\/2017\/04\/sortie-maternelles-passay-abbatiale-2-300x180.jpg\" alt=\"\" width=\"300\" height=\"180\" srcset=\"https:\/\/maisdonsursevre-steanne.fr\/wp-content\/uploads\/2017\/04\/sortie-maternelles-passay-abbatiale-2-300x180.jpg 300w, https:\/\/maisdonsursevre-steanne.fr\/wp-content\/uploads\/2017\/04\/sortie-maternelles-passay-abbatiale-2-768x461.jpg 768w, https:\/\/maisdonsursevre-steanne.fr\/wp-content\/uploads\/2017\/04\/sortie-maternelles-passay-abbatiale-2-1024x615.jpg 1024w, https:\/\/maisdonsursevre-steanne.fr\/wp-content\/uploads\/2017\/04\/sortie-maternelles-passay-abbatiale-2-600x360.jpg 600w, https:\/\/maisdonsursevre-steanne.fr\/wp-content\/uploads\/2017\/04\/sortie-maternelles-passay-abbatiale-2.jpg 2048w\" sizes=\"(max-width: 300px) 100vw, 300px\" \/><\/a><\/p>\n<p>&nbsp;<\/p>\n","protected":false},"excerpt":{"rendered":"<p>Les maternelles ont bien pris le car pour se rendre \u00e0 l&#8217;abbatiale de St Philbert de Grand-Lieu et \u00e0 la maison touristique de Passay (La Chevroli\u00e8re). Bonne journ\u00e9e \u00e0 eux! &nbsp;<\/p>\n","protected":false},"author":11,"featured_media":0,"comment_status":"closed","ping_status":"closed","sticky":false,"template":"","format":"standard","meta":{"ngg_post_thumbnail":0,"footnotes":""},"categories":[5,4],"tags":[],"_links":{"self":[{"href":"https:\/\/maisdonsursevre-steanne.fr\/index.php?rest_route=\/wp\/v2\/posts\/1534"}],"collection":[{"href":"https:\/\/maisdonsursevre-steanne.fr\/index.php?rest_route=\/wp\/v2\/posts"}],"about":[{"href":"https:\/\/maisdonsursevre-steanne.fr\/index.php?rest_route=\/wp\/v2\/types\/post"}],"author":[{"embeddable":true,"href":"https:\/\/maisdonsursevre-steanne.fr\/index.php?rest_route=\/wp\/v2\/users\/11"}],"replies":[{"embeddable":true,"href":"https:\/\/maisdonsursevre-steanne.fr\/index.php?rest_route=%2Fwp%2Fv2%2Fcomments&post=1534"}],"version-history":[{"count":0,"href":"https:\/\/maisdonsursevre-steanne.fr\/index.php?rest_route=\/wp\/v2\/posts\/1534\/revisions"}],"wp:attachment":[{"href":"https:\/\/maisdonsursevre-steanne.fr\/index.php?rest_route=%2Fwp%2Fv2%2Fmedia&parent=1534"}],"wp:term":[{"taxonomy":"category","embeddable":true,"href":"https:\/\/maisdonsursevre-steanne.fr\/index.php?rest_route=%2Fwp%2Fv2%2Fcategories&post=1534"},{"taxonomy":"post_tag","embeddable":true,"href":"https:\/\/maisdonsursevre-steanne.fr\/index.php?rest_route=%2Fwp%2Fv2%2Ftags&post=1534"}],"curies":[{"name":"wp","href":"https:\/\/api.w.org\/{rel}","templated":true}]}}