{"id":1527,"date":"2017-04-26T16:22:53","date_gmt":"2017-04-26T15:22:53","guid":{"rendered":"https:\/\/maisdonsursevre-steanne.fr\/?p=1527"},"modified":"2025-11-20T20:02:54","modified_gmt":"2025-11-20T19:02:54","slug":"expose","status":"publish","type":"post","link":"https:\/\/maisdonsursevre-steanne.fr\/?p=1527","title":{"rendered":"Expos\u00e9"},"content":{"rendered":"<p>Tom nous a pr\u00e9sent\u00e9 les rapaces de notre r\u00e9gion: les diurnes qui vivent le jour et les nocturnes qui vivent la nuit.<\/p>\n<p>Il nous pr\u00e9sent\u00e9 des os de rongeurs; Tom nous a dit que les rapaces recrachaient les poils et les os de leurs proies.<\/p>\n<p>Adrian, Clovis et Flora.<\/p>\n<p><a href=\"https:\/\/maisdonsursevre-steanne.fr\/wp-content\/uploads\/2017\/04\/les-rapaces-Tom-4.jpg\"><img loading=\"lazy\" decoding=\"async\" class=\"alignnone size-medium wp-image-1529\" src=\"https:\/\/maisdonsursevre-steanne.fr\/wp-content\/uploads\/2017\/04\/les-rapaces-Tom-4-300x225.jpg\" alt=\"\" width=\"300\" height=\"225\" srcset=\"https:\/\/maisdonsursevre-steanne.fr\/wp-content\/uploads\/2017\/04\/les-rapaces-Tom-4-300x225.jpg 300w, https:\/\/maisdonsursevre-steanne.fr\/wp-content\/uploads\/2017\/04\/les-rapaces-Tom-4-768x576.jpg 768w, https:\/\/maisdonsursevre-steanne.fr\/wp-content\/uploads\/2017\/04\/les-rapaces-Tom-4-1024x768.jpg 1024w, https:\/\/maisdonsursevre-steanne.fr\/wp-content\/uploads\/2017\/04\/les-rapaces-Tom-4-600x450.jpg 600w, https:\/\/maisdonsursevre-steanne.fr\/wp-content\/uploads\/2017\/04\/les-rapaces-Tom-4.jpg 2048w\" sizes=\"(max-width: 300px) 100vw, 300px\" \/><\/a><a href=\"https:\/\/maisdonsursevre-steanne.fr\/wp-content\/uploads\/2017\/04\/les-rapaces-Tom-1.jpg\">\u00a0 \u00a0 \u00a0 \u00a0 \u00a0 \u00a0 \u00a0 \u00a0 \u00a0 \u00a0 \u00a0 \u00a0 \u00a0 \u00a0 \u00a0 \u00a0<img loading=\"lazy\" decoding=\"async\" class=\"alignnone size-medium wp-image-1528\" src=\"https:\/\/maisdonsursevre-steanne.fr\/wp-content\/uploads\/2017\/04\/les-rapaces-Tom-1-300x225.jpg\" alt=\"\" width=\"300\" height=\"225\" srcset=\"https:\/\/maisdonsursevre-steanne.fr\/wp-content\/uploads\/2017\/04\/les-rapaces-Tom-1-300x225.jpg 300w, https:\/\/maisdonsursevre-steanne.fr\/wp-content\/uploads\/2017\/04\/les-rapaces-Tom-1-768x576.jpg 768w, https:\/\/maisdonsursevre-steanne.fr\/wp-content\/uploads\/2017\/04\/les-rapaces-Tom-1-1024x768.jpg 1024w, https:\/\/maisdonsursevre-steanne.fr\/wp-content\/uploads\/2017\/04\/les-rapaces-Tom-1-600x450.jpg 600w, https:\/\/maisdonsursevre-steanne.fr\/wp-content\/uploads\/2017\/04\/les-rapaces-Tom-1.jpg 2048w\" sizes=\"(max-width: 300px) 100vw, 300px\" \/><\/a><\/p>\n","protected":false},"excerpt":{"rendered":"<p>Tom nous a pr\u00e9sent\u00e9 les rapaces de notre r\u00e9gion: les diurnes qui vivent le jour et les nocturnes qui vivent la nuit. Il nous pr\u00e9sent\u00e9 des os de rongeurs; Tom nous a dit que les rapaces recrachaient les poils et les os de leurs proies. Adrian, Clovis et Flora. \u00a0 \u00a0 \u00a0 \u00a0 \u00a0 \u00a0&hellip; <br \/> <a class=\"read-more\" href=\"https:\/\/maisdonsursevre-steanne.fr\/?p=1527\">Lire la suite<\/a><\/p>\n","protected":false},"author":11,"featured_media":0,"comment_status":"closed","ping_status":"closed","sticky":false,"template":"","format":"standard","meta":{"ngg_post_thumbnail":0,"footnotes":""},"categories":[9],"tags":[],"_links":{"self":[{"href":"https:\/\/maisdonsursevre-steanne.fr\/index.php?rest_route=\/wp\/v2\/posts\/1527"}],"collection":[{"href":"https:\/\/maisdonsursevre-steanne.fr\/index.php?rest_route=\/wp\/v2\/posts"}],"about":[{"href":"https:\/\/maisdonsursevre-steanne.fr\/index.php?rest_route=\/wp\/v2\/types\/post"}],"author":[{"embeddable":true,"href":"https:\/\/maisdonsursevre-steanne.fr\/index.php?rest_route=\/wp\/v2\/users\/11"}],"replies":[{"embeddable":true,"href":"https:\/\/maisdonsursevre-steanne.fr\/index.php?rest_route=%2Fwp%2Fv2%2Fcomments&post=1527"}],"version-history":[{"count":1,"href":"https:\/\/maisdonsursevre-steanne.fr\/index.php?rest_route=\/wp\/v2\/posts\/1527\/revisions"}],"predecessor-version":[{"id":6447,"href":"https:\/\/maisdonsursevre-steanne.fr\/index.php?rest_route=\/wp\/v2\/posts\/1527\/revisions\/6447"}],"wp:attachment":[{"href":"https:\/\/maisdonsursevre-steanne.fr\/index.php?rest_route=%2Fwp%2Fv2%2Fmedia&parent=1527"}],"wp:term":[{"taxonomy":"category","embeddable":true,"href":"https:\/\/maisdonsursevre-steanne.fr\/index.php?rest_route=%2Fwp%2Fv2%2Fcategories&post=1527"},{"taxonomy":"post_tag","embeddable":true,"href":"https:\/\/maisdonsursevre-steanne.fr\/index.php?rest_route=%2Fwp%2Fv2%2Ftags&post=1527"}],"curies":[{"name":"wp","href":"https:\/\/api.w.org\/{rel}","templated":true}]}}