{"id":1505,"date":"2017-03-31T15:45:27","date_gmt":"2017-03-31T14:45:27","guid":{"rendered":"https:\/\/maisdonsursevre-steanne.fr\/?p=1505"},"modified":"2017-03-31T15:45:27","modified_gmt":"2017-03-31T14:45:27","slug":"suite-du-projet-des-delegues","status":"publish","type":"post","link":"https:\/\/maisdonsursevre-steanne.fr\/?p=1505","title":{"rendered":"suite du projet des d\u00e9l\u00e9gu\u00e9s"},"content":{"rendered":"<p>Aujourd&#8217;hui, Dani\u00e8le de l&#8217;association &#8220;keur de l&#8217;espoir&#8221; est venue chercher les jeux que nous avions apport\u00e9s cette semaine.<\/p>\n<p>Il y avait beaucoup de jeux et les d\u00e9l\u00e9gu\u00e9s ont remerci\u00e9 tous les enfants de l&#8217;\u00e9cole pour avoir adh\u00e9r\u00e9 et s&#8217;\u00eatre investis dans leur projet.<\/p>\n<p>Dani\u00e8le nous a aussi dit qu&#8217;elle nous enverrai une photo quand les jeux seront arriv\u00e9s au S\u00e9n\u00e9gal.<\/p>\n<p><a href=\"https:\/\/maisdonsursevre-steanne.fr\/wp-content\/uploads\/2017\/03\/collecte-de-jeux.jpg\"><img loading=\"lazy\" decoding=\"async\" class=\"wp-image-1506 aligncenter\" src=\"https:\/\/maisdonsursevre-steanne.fr\/wp-content\/uploads\/2017\/03\/collecte-de-jeux-300x225.jpg\" alt=\"\" width=\"452\" height=\"339\" srcset=\"https:\/\/maisdonsursevre-steanne.fr\/wp-content\/uploads\/2017\/03\/collecte-de-jeux-300x225.jpg 300w, https:\/\/maisdonsursevre-steanne.fr\/wp-content\/uploads\/2017\/03\/collecte-de-jeux-768x576.jpg 768w, https:\/\/maisdonsursevre-steanne.fr\/wp-content\/uploads\/2017\/03\/collecte-de-jeux-1024x768.jpg 1024w, https:\/\/maisdonsursevre-steanne.fr\/wp-content\/uploads\/2017\/03\/collecte-de-jeux-600x450.jpg 600w, https:\/\/maisdonsursevre-steanne.fr\/wp-content\/uploads\/2017\/03\/collecte-de-jeux.jpg 2048w\" sizes=\"(max-width: 452px) 100vw, 452px\" \/><\/a><\/p>\n<p>&nbsp;<\/p>\n","protected":false},"excerpt":{"rendered":"<p>Aujourd&#8217;hui, Dani\u00e8le de l&#8217;association &#8220;keur de l&#8217;espoir&#8221; est venue chercher les jeux que nous avions apport\u00e9s cette semaine. Il y avait beaucoup de jeux et les d\u00e9l\u00e9gu\u00e9s ont remerci\u00e9 tous les enfants de l&#8217;\u00e9cole pour avoir adh\u00e9r\u00e9 et s&#8217;\u00eatre investis dans leur projet. Dani\u00e8le nous a aussi dit qu&#8217;elle nous enverrai une photo quand les&hellip; <br \/> <a class=\"read-more\" href=\"https:\/\/maisdonsursevre-steanne.fr\/?p=1505\">Lire la suite<\/a><\/p>\n","protected":false},"author":11,"featured_media":0,"comment_status":"closed","ping_status":"closed","sticky":false,"template":"","format":"standard","meta":{"ngg_post_thumbnail":0,"footnotes":""},"categories":[6,9,5,4],"tags":[],"_links":{"self":[{"href":"https:\/\/maisdonsursevre-steanne.fr\/index.php?rest_route=\/wp\/v2\/posts\/1505"}],"collection":[{"href":"https:\/\/maisdonsursevre-steanne.fr\/index.php?rest_route=\/wp\/v2\/posts"}],"about":[{"href":"https:\/\/maisdonsursevre-steanne.fr\/index.php?rest_route=\/wp\/v2\/types\/post"}],"author":[{"embeddable":true,"href":"https:\/\/maisdonsursevre-steanne.fr\/index.php?rest_route=\/wp\/v2\/users\/11"}],"replies":[{"embeddable":true,"href":"https:\/\/maisdonsursevre-steanne.fr\/index.php?rest_route=%2Fwp%2Fv2%2Fcomments&post=1505"}],"version-history":[{"count":0,"href":"https:\/\/maisdonsursevre-steanne.fr\/index.php?rest_route=\/wp\/v2\/posts\/1505\/revisions"}],"wp:attachment":[{"href":"https:\/\/maisdonsursevre-steanne.fr\/index.php?rest_route=%2Fwp%2Fv2%2Fmedia&parent=1505"}],"wp:term":[{"taxonomy":"category","embeddable":true,"href":"https:\/\/maisdonsursevre-steanne.fr\/index.php?rest_route=%2Fwp%2Fv2%2Fcategories&post=1505"},{"taxonomy":"post_tag","embeddable":true,"href":"https:\/\/maisdonsursevre-steanne.fr\/index.php?rest_route=%2Fwp%2Fv2%2Ftags&post=1505"}],"curies":[{"name":"wp","href":"https:\/\/api.w.org\/{rel}","templated":true}]}}