{"id":147,"date":"2015-09-04T17:06:17","date_gmt":"2015-09-04T16:06:17","guid":{"rendered":"https:\/\/maisdonsursevre-steanne.fr\/?p=147"},"modified":"2015-09-04T17:11:19","modified_gmt":"2015-09-04T16:11:19","slug":"assemblee-denfants","status":"publish","type":"post","link":"https:\/\/maisdonsursevre-steanne.fr\/?p=147","title":{"rendered":"Assembl\u00e9e d&#8217;enfants"},"content":{"rendered":"<p>Aujourd\u2019hui, vendredi 4 septembre 2015, nous avons v\u00e9cu notre premi\u00e8re assembl\u00e9e d&#8217;enfants.<\/p>\n<p>Nous nous sommes rassembl\u00e9s dans la cour des maternelles pour se souhaiter une bonne ann\u00e9e scolaire et souhaiter la bienvenue\u00a0aux nouveaux \u00e9l\u00e8ves de l&#8217;\u00e9cole.<\/p>\n<p>Nous avons termin\u00e9 cette premi\u00e8re assembl\u00e9e d&#8217;enfants par un go\u00fbter!<\/p>\n<p>Voici quelques photos:<\/p>\n\n\t\t<style type=\"text\/css\">\n\t\t\t#gallery-1 {\n\t\t\t\tmargin: auto;\n\t\t\t}\n\t\t\t#gallery-1 .gallery-item {\n\t\t\t\tfloat: left;\n\t\t\t\tmargin-top: 10px;\n\t\t\t\ttext-align: center;\n\t\t\t\twidth: 100%;\n\t\t\t}\n\t\t\t#gallery-1 img {\n\t\t\t\tborder: 2px solid #cfcfcf;\n\t\t\t}\n\t\t\t#gallery-1 .gallery-caption {\n\t\t\t\tmargin-left: 0;\n\t\t\t}\n\t\t\t\/* see gallery_shortcode() in wp-includes\/media.php *\/\n\t\t<\/style>\n\t\t<div id='gallery-1' class='gallery galleryid-147 gallery-columns-1 gallery-size-medium'><dl class='gallery-item'>\n\t\t\t<dt class='gallery-icon landscape'>\n\t\t\t\t<a href='https:\/\/maisdonsursevre-steanne.fr\/?attachment_id=148'><img loading=\"lazy\" decoding=\"async\" width=\"300\" height=\"225\" src=\"https:\/\/maisdonsursevre-steanne.fr\/wp-content\/uploads\/2015\/09\/photo-1-300x225.jpg\" class=\"attachment-medium size-medium\" alt=\"\" srcset=\"https:\/\/maisdonsursevre-steanne.fr\/wp-content\/uploads\/2015\/09\/photo-1-300x225.jpg 300w, https:\/\/maisdonsursevre-steanne.fr\/wp-content\/uploads\/2015\/09\/photo-1.jpg 640w, https:\/\/maisdonsursevre-steanne.fr\/wp-content\/uploads\/2015\/09\/photo-1-480x360.jpg 480w, https:\/\/maisdonsursevre-steanne.fr\/wp-content\/uploads\/2015\/09\/photo-1-320x240.jpg 320w, https:\/\/maisdonsursevre-steanne.fr\/wp-content\/uploads\/2015\/09\/photo-1-240x180.jpg 240w\" sizes=\"(max-width: 300px) 100vw, 300px\" \/><\/a>\n\t\t\t<\/dt><\/dl><br style=\"clear: both\" \/><dl class='gallery-item'>\n\t\t\t<dt class='gallery-icon landscape'>\n\t\t\t\t<a href='https:\/\/maisdonsursevre-steanne.fr\/?attachment_id=149'><img loading=\"lazy\" decoding=\"async\" width=\"300\" height=\"225\" src=\"https:\/\/maisdonsursevre-steanne.fr\/wp-content\/uploads\/2015\/09\/photo-2-300x225.jpg\" class=\"attachment-medium size-medium\" alt=\"\" srcset=\"https:\/\/maisdonsursevre-steanne.fr\/wp-content\/uploads\/2015\/09\/photo-2-300x225.jpg 300w, https:\/\/maisdonsursevre-steanne.fr\/wp-content\/uploads\/2015\/09\/photo-2.jpg 640w, https:\/\/maisdonsursevre-steanne.fr\/wp-content\/uploads\/2015\/09\/photo-2-480x360.jpg 480w, https:\/\/maisdonsursevre-steanne.fr\/wp-content\/uploads\/2015\/09\/photo-2-320x240.jpg 320w, https:\/\/maisdonsursevre-steanne.fr\/wp-content\/uploads\/2015\/09\/photo-2-240x180.jpg 240w\" sizes=\"(max-width: 300px) 100vw, 300px\" \/><\/a>\n\t\t\t<\/dt><\/dl><br style=\"clear: both\" \/><dl class='gallery-item'>\n\t\t\t<dt class='gallery-icon landscape'>\n\t\t\t\t<a href='https:\/\/maisdonsursevre-steanne.fr\/?attachment_id=150'><img loading=\"lazy\" decoding=\"async\" width=\"300\" height=\"225\" src=\"https:\/\/maisdonsursevre-steanne.fr\/wp-content\/uploads\/2015\/09\/photo-3-300x225.jpg\" class=\"attachment-medium size-medium\" alt=\"\" srcset=\"https:\/\/maisdonsursevre-steanne.fr\/wp-content\/uploads\/2015\/09\/photo-3-300x225.jpg 300w, https:\/\/maisdonsursevre-steanne.fr\/wp-content\/uploads\/2015\/09\/photo-3.jpg 640w, https:\/\/maisdonsursevre-steanne.fr\/wp-content\/uploads\/2015\/09\/photo-3-480x360.jpg 480w, https:\/\/maisdonsursevre-steanne.fr\/wp-content\/uploads\/2015\/09\/photo-3-320x240.jpg 320w, https:\/\/maisdonsursevre-steanne.fr\/wp-content\/uploads\/2015\/09\/photo-3-240x180.jpg 240w\" sizes=\"(max-width: 300px) 100vw, 300px\" \/><\/a>\n\t\t\t<\/dt><\/dl><br style=\"clear: both\" \/><dl class='gallery-item'>\n\t\t\t<dt class='gallery-icon landscape'>\n\t\t\t\t<a href='https:\/\/maisdonsursevre-steanne.fr\/?attachment_id=151'><img loading=\"lazy\" decoding=\"async\" width=\"300\" height=\"225\" src=\"https:\/\/maisdonsursevre-steanne.fr\/wp-content\/uploads\/2015\/09\/photo-4-300x225.jpg\" class=\"attachment-medium size-medium\" alt=\"\" srcset=\"https:\/\/maisdonsursevre-steanne.fr\/wp-content\/uploads\/2015\/09\/photo-4-300x225.jpg 300w, https:\/\/maisdonsursevre-steanne.fr\/wp-content\/uploads\/2015\/09\/photo-4.jpg 640w, https:\/\/maisdonsursevre-steanne.fr\/wp-content\/uploads\/2015\/09\/photo-4-480x360.jpg 480w, https:\/\/maisdonsursevre-steanne.fr\/wp-content\/uploads\/2015\/09\/photo-4-320x240.jpg 320w, https:\/\/maisdonsursevre-steanne.fr\/wp-content\/uploads\/2015\/09\/photo-4-240x180.jpg 240w\" sizes=\"(max-width: 300px) 100vw, 300px\" \/><\/a>\n\t\t\t<\/dt><\/dl><br style=\"clear: both\" \/><dl class='gallery-item'>\n\t\t\t<dt class='gallery-icon landscape'>\n\t\t\t\t<a href='https:\/\/maisdonsursevre-steanne.fr\/?attachment_id=152'><img loading=\"lazy\" decoding=\"async\" width=\"300\" height=\"225\" src=\"https:\/\/maisdonsursevre-steanne.fr\/wp-content\/uploads\/2015\/09\/photo-5-300x225.jpg\" class=\"attachment-medium size-medium\" alt=\"\" srcset=\"https:\/\/maisdonsursevre-steanne.fr\/wp-content\/uploads\/2015\/09\/photo-5-300x225.jpg 300w, https:\/\/maisdonsursevre-steanne.fr\/wp-content\/uploads\/2015\/09\/photo-5.jpg 640w, https:\/\/maisdonsursevre-steanne.fr\/wp-content\/uploads\/2015\/09\/photo-5-480x360.jpg 480w, https:\/\/maisdonsursevre-steanne.fr\/wp-content\/uploads\/2015\/09\/photo-5-320x240.jpg 320w, https:\/\/maisdonsursevre-steanne.fr\/wp-content\/uploads\/2015\/09\/photo-5-240x180.jpg 240w\" sizes=\"(max-width: 300px) 100vw, 300px\" \/><\/a>\n\t\t\t<\/dt><\/dl><br style=\"clear: both\" \/>\n\t\t<\/div>\n\n","protected":false},"excerpt":{"rendered":"<p>Aujourd\u2019hui, vendredi 4 septembre 2015, nous avons v\u00e9cu notre premi\u00e8re assembl\u00e9e d&#8217;enfants. Nous nous sommes rassembl\u00e9s dans la cour des maternelles pour se souhaiter une bonne ann\u00e9e scolaire et souhaiter la bienvenue\u00a0aux nouveaux \u00e9l\u00e8ves de l&#8217;\u00e9cole. Nous avons termin\u00e9 cette premi\u00e8re assembl\u00e9e d&#8217;enfants par un go\u00fbter! Voici quelques photos:<\/p>\n","protected":false},"author":11,"featured_media":0,"comment_status":"closed","ping_status":"closed","sticky":false,"template":"","format":"standard","meta":{"ngg_post_thumbnail":0,"footnotes":""},"categories":[6,9,5,4],"tags":[],"_links":{"self":[{"href":"https:\/\/maisdonsursevre-steanne.fr\/index.php?rest_route=\/wp\/v2\/posts\/147"}],"collection":[{"href":"https:\/\/maisdonsursevre-steanne.fr\/index.php?rest_route=\/wp\/v2\/posts"}],"about":[{"href":"https:\/\/maisdonsursevre-steanne.fr\/index.php?rest_route=\/wp\/v2\/types\/post"}],"author":[{"embeddable":true,"href":"https:\/\/maisdonsursevre-steanne.fr\/index.php?rest_route=\/wp\/v2\/users\/11"}],"replies":[{"embeddable":true,"href":"https:\/\/maisdonsursevre-steanne.fr\/index.php?rest_route=%2Fwp%2Fv2%2Fcomments&post=147"}],"version-history":[{"count":0,"href":"https:\/\/maisdonsursevre-steanne.fr\/index.php?rest_route=\/wp\/v2\/posts\/147\/revisions"}],"wp:attachment":[{"href":"https:\/\/maisdonsursevre-steanne.fr\/index.php?rest_route=%2Fwp%2Fv2%2Fmedia&parent=147"}],"wp:term":[{"taxonomy":"category","embeddable":true,"href":"https:\/\/maisdonsursevre-steanne.fr\/index.php?rest_route=%2Fwp%2Fv2%2Fcategories&post=147"},{"taxonomy":"post_tag","embeddable":true,"href":"https:\/\/maisdonsursevre-steanne.fr\/index.php?rest_route=%2Fwp%2Fv2%2Ftags&post=147"}],"curies":[{"name":"wp","href":"https:\/\/api.w.org\/{rel}","templated":true}]}}