{"id":1467,"date":"2017-02-08T14:37:37","date_gmt":"2017-02-08T13:37:37","guid":{"rendered":"https:\/\/maisdonsursevre-steanne.fr\/?p=1467"},"modified":"2017-02-08T14:37:46","modified_gmt":"2017-02-08T13:37:46","slug":"le-college-de-la-maine","status":"publish","type":"post","link":"https:\/\/maisdonsursevre-steanne.fr\/?p=1467","title":{"rendered":"Le  coll\u00e8ge  de  la  Maine"},"content":{"rendered":"<p>Le lundi 16 d\u00e9cembre, vers 10 h 30, nous nous sommes rendus au coll\u00e8ge de la Maine \u00e0 Aigrefeuille sur Maine pour visiter notre futur coll\u00e8ge (pour la majorit\u00e9 de la classe).<\/p>\n<p>Nous avons rencontr\u00e9 nos correspondants. Nous leur avons pos\u00e9 plusieurs questions et nous les avons accompagn\u00e9 tout au long de la journ\u00e9e dans leurs cours.<\/p>\n<p>C&#8217;\u00e9tait trop bien &#x1f606;. Il y avait plein d&#8217;activit\u00e9s \u00a0\u00e0 faire au coll\u00e8ge. Tout nous semblait bien .<\/p>\n<p>Bref, nous avons pass\u00e9 une super journ\u00e9e au coll\u00e8ge.<\/p>\n<p>Dorian et Flora.<\/p>\n","protected":false},"excerpt":{"rendered":"<p>Le lundi 16 d\u00e9cembre, vers 10 h 30, nous nous sommes rendus au coll\u00e8ge de la Maine \u00e0 Aigrefeuille sur Maine pour visiter notre futur coll\u00e8ge (pour la majorit\u00e9 de la classe). Nous avons rencontr\u00e9 nos correspondants. Nous leur avons pos\u00e9 plusieurs questions et nous les avons accompagn\u00e9 tout au long de la journ\u00e9e dans&hellip; <br \/> <a class=\"read-more\" href=\"https:\/\/maisdonsursevre-steanne.fr\/?p=1467\">Lire la suite<\/a><\/p>\n","protected":false},"author":7,"featured_media":0,"comment_status":"closed","ping_status":"closed","sticky":false,"template":"","format":"standard","meta":{"ngg_post_thumbnail":0,"footnotes":""},"categories":[9],"tags":[],"_links":{"self":[{"href":"https:\/\/maisdonsursevre-steanne.fr\/index.php?rest_route=\/wp\/v2\/posts\/1467"}],"collection":[{"href":"https:\/\/maisdonsursevre-steanne.fr\/index.php?rest_route=\/wp\/v2\/posts"}],"about":[{"href":"https:\/\/maisdonsursevre-steanne.fr\/index.php?rest_route=\/wp\/v2\/types\/post"}],"author":[{"embeddable":true,"href":"https:\/\/maisdonsursevre-steanne.fr\/index.php?rest_route=\/wp\/v2\/users\/7"}],"replies":[{"embeddable":true,"href":"https:\/\/maisdonsursevre-steanne.fr\/index.php?rest_route=%2Fwp%2Fv2%2Fcomments&post=1467"}],"version-history":[{"count":0,"href":"https:\/\/maisdonsursevre-steanne.fr\/index.php?rest_route=\/wp\/v2\/posts\/1467\/revisions"}],"wp:attachment":[{"href":"https:\/\/maisdonsursevre-steanne.fr\/index.php?rest_route=%2Fwp%2Fv2%2Fmedia&parent=1467"}],"wp:term":[{"taxonomy":"category","embeddable":true,"href":"https:\/\/maisdonsursevre-steanne.fr\/index.php?rest_route=%2Fwp%2Fv2%2Fcategories&post=1467"},{"taxonomy":"post_tag","embeddable":true,"href":"https:\/\/maisdonsursevre-steanne.fr\/index.php?rest_route=%2Fwp%2Fv2%2Ftags&post=1467"}],"curies":[{"name":"wp","href":"https:\/\/api.w.org\/{rel}","templated":true}]}}