{"id":1458,"date":"2017-02-08T14:31:43","date_gmt":"2017-02-08T13:31:43","guid":{"rendered":"https:\/\/maisdonsursevre-steanne.fr\/?p=1458"},"modified":"2017-02-08T14:36:50","modified_gmt":"2017-02-08T13:36:50","slug":"le-moyen-age","status":"publish","type":"post","link":"https:\/\/maisdonsursevre-steanne.fr\/?p=1458","title":{"rendered":"Le Moyen-\u00e2ge"},"content":{"rendered":"<p><strong> M<\/strong>agnifiques ch\u00e2teaux-forts<\/p>\n<p><strong>O<\/strong>dieux paysans<\/p>\n<p><strong>Y<\/strong>sopet, recueil de fables au Moyen-\u00e2ge<\/p>\n<p><strong>E<\/strong>cu du chevalier<\/p>\n<p><strong>N<\/strong>oblesse, clerg\u00e9 et tiers-\u00e9tat<\/p>\n<p><strong>&#8211;<\/strong><\/p>\n<p><strong>A<\/strong>crostiche du Moyen-\u00e2ge<\/p>\n<p><strong>G<\/strong>uilhem, seigneur respect\u00e9<\/p>\n<p><strong>E<\/strong>nluminures d\u00e9coratives<\/p>\n<p><a href=\"https:\/\/maisdonsursevre-steanne.fr\/wp-content\/uploads\/2017\/02\/20170208_102339.jpg\"><img loading=\"lazy\" decoding=\"async\" class=\"alignnone size-medium wp-image-1463\" src=\"https:\/\/maisdonsursevre-steanne.fr\/wp-content\/uploads\/2017\/02\/20170208_102339-300x225.jpg\" alt=\"\" width=\"300\" height=\"225\" srcset=\"https:\/\/maisdonsursevre-steanne.fr\/wp-content\/uploads\/2017\/02\/20170208_102339-300x225.jpg 300w, https:\/\/maisdonsursevre-steanne.fr\/wp-content\/uploads\/2017\/02\/20170208_102339-768x576.jpg 768w, https:\/\/maisdonsursevre-steanne.fr\/wp-content\/uploads\/2017\/02\/20170208_102339-1024x768.jpg 1024w, https:\/\/maisdonsursevre-steanne.fr\/wp-content\/uploads\/2017\/02\/20170208_102339-600x450.jpg 600w, https:\/\/maisdonsursevre-steanne.fr\/wp-content\/uploads\/2017\/02\/20170208_102339.jpg 2048w\" sizes=\"(max-width: 300px) 100vw, 300px\" \/><\/a><\/p>\n<p>En janvier et f\u00e9vrier, nous avons travaill\u00e9 sur le Moyen-\u00e2ge.<\/p>\n<p>En arts visuels, nous avons fait une enluminure. Nous avons r\u00e9alis\u00e9 la lettrine de la premi\u00e8re\u00a0 lettre de notre pr\u00e9nom. Nous avons fait des rosaces sur du calque et des \u00e9toiles\u00a0 avec des papiers color\u00e9s transparents pour faire des vitraux. Nous avons aussi reproduit une oeuvre de Paul Klee en r\u00e9alisant des ch\u00e2teaux en d\u00e9coupant et en collant des formes g\u00e9om\u00e9triques de couleur. En po\u00e9sie, nous avons \u00e9tudi\u00e9 &#8220;Hiver, vous n&#8217;\u00eates qu&#8217;un vilain&#8221; de Charles D&#8217;Orl\u00e9ans. En litt\u00e9rature, nous avons \u00e9tudi\u00e9 un roman dont l&#8217;histoire se passe au Moyen-\u00e2ge &#8221; Le faucon d\u00e9nich\u00e9&#8221; de Jean-C\u00f4me Nogu\u00e8s. Les mots du jour \u00e9taient en rapport avec cette p\u00e9riode : \u00e9cu, heaume, serf, camisole&#8230; En histoire\u00a0 de l&#8217;art, nous avons observ\u00e9 plusieurs oeuvres : enluminures, vitraux&#8230;<\/p>\n<p>Cette p\u00e9riode \u00e9tait passionnante. Nous avons ador\u00e9 l&#8217;\u00e9tudier.<\/p>\n<p>Classe de CM2<\/p>\n<p>&nbsp;<\/p>\n<p><a href=\"https:\/\/maisdonsursevre-steanne.fr\/wp-content\/uploads\/2017\/02\/20170208_101901.jpg\"><img loading=\"lazy\" decoding=\"async\" class=\"alignnone size-medium wp-image-1459\" src=\"https:\/\/maisdonsursevre-steanne.fr\/wp-content\/uploads\/2017\/02\/20170208_101901-300x225.jpg\" alt=\"\" width=\"300\" height=\"225\" srcset=\"https:\/\/maisdonsursevre-steanne.fr\/wp-content\/uploads\/2017\/02\/20170208_101901-300x225.jpg 300w, https:\/\/maisdonsursevre-steanne.fr\/wp-content\/uploads\/2017\/02\/20170208_101901-768x576.jpg 768w, https:\/\/maisdonsursevre-steanne.fr\/wp-content\/uploads\/2017\/02\/20170208_101901-1024x768.jpg 1024w, https:\/\/maisdonsursevre-steanne.fr\/wp-content\/uploads\/2017\/02\/20170208_101901-600x450.jpg 600w, https:\/\/maisdonsursevre-steanne.fr\/wp-content\/uploads\/2017\/02\/20170208_101901.jpg 2048w\" sizes=\"(max-width: 300px) 100vw, 300px\" \/><\/a><a href=\"https:\/\/maisdonsursevre-steanne.fr\/wp-content\/uploads\/2017\/02\/20170208_102027.jpg\"><img loading=\"lazy\" decoding=\"async\" class=\"alignnone size-medium wp-image-1460\" src=\"https:\/\/maisdonsursevre-steanne.fr\/wp-content\/uploads\/2017\/02\/20170208_102027-300x225.jpg\" alt=\"\" width=\"300\" height=\"225\" srcset=\"https:\/\/maisdonsursevre-steanne.fr\/wp-content\/uploads\/2017\/02\/20170208_102027-300x225.jpg 300w, https:\/\/maisdonsursevre-steanne.fr\/wp-content\/uploads\/2017\/02\/20170208_102027-768x576.jpg 768w, https:\/\/maisdonsursevre-steanne.fr\/wp-content\/uploads\/2017\/02\/20170208_102027-1024x768.jpg 1024w, https:\/\/maisdonsursevre-steanne.fr\/wp-content\/uploads\/2017\/02\/20170208_102027-600x450.jpg 600w, https:\/\/maisdonsursevre-steanne.fr\/wp-content\/uploads\/2017\/02\/20170208_102027.jpg 2048w\" sizes=\"(max-width: 300px) 100vw, 300px\" \/><\/a><a href=\"https:\/\/maisdonsursevre-steanne.fr\/wp-content\/uploads\/2017\/02\/20170208_102056.jpg\"><img loading=\"lazy\" decoding=\"async\" class=\"alignnone size-medium wp-image-1461\" src=\"https:\/\/maisdonsursevre-steanne.fr\/wp-content\/uploads\/2017\/02\/20170208_102056-225x300.jpg\" alt=\"\" width=\"225\" height=\"300\" srcset=\"https:\/\/maisdonsursevre-steanne.fr\/wp-content\/uploads\/2017\/02\/20170208_102056-225x300.jpg 225w, https:\/\/maisdonsursevre-steanne.fr\/wp-content\/uploads\/2017\/02\/20170208_102056-768x1024.jpg 768w, https:\/\/maisdonsursevre-steanne.fr\/wp-content\/uploads\/2017\/02\/20170208_102056-600x800.jpg 600w, https:\/\/maisdonsursevre-steanne.fr\/wp-content\/uploads\/2017\/02\/20170208_102056.jpg 1152w\" sizes=\"(max-width: 225px) 100vw, 225px\" \/><\/a><a href=\"https:\/\/maisdonsursevre-steanne.fr\/wp-content\/uploads\/2017\/02\/20170208_102128.jpg\"><img loading=\"lazy\" decoding=\"async\" class=\"alignnone size-medium wp-image-1462\" src=\"https:\/\/maisdonsursevre-steanne.fr\/wp-content\/uploads\/2017\/02\/20170208_102128-225x300.jpg\" alt=\"\" width=\"225\" height=\"300\" srcset=\"https:\/\/maisdonsursevre-steanne.fr\/wp-content\/uploads\/2017\/02\/20170208_102128-225x300.jpg 225w, https:\/\/maisdonsursevre-steanne.fr\/wp-content\/uploads\/2017\/02\/20170208_102128-768x1024.jpg 768w, https:\/\/maisdonsursevre-steanne.fr\/wp-content\/uploads\/2017\/02\/20170208_102128-600x800.jpg 600w, https:\/\/maisdonsursevre-steanne.fr\/wp-content\/uploads\/2017\/02\/20170208_102128.jpg 1152w\" sizes=\"(max-width: 225px) 100vw, 225px\" \/><\/a><\/p>\n<p>&nbsp;<\/p>\n","protected":false},"excerpt":{"rendered":"<p>Magnifiques ch\u00e2teaux-forts Odieux paysans Ysopet, recueil de fables au Moyen-\u00e2ge Ecu du chevalier Noblesse, clerg\u00e9 et tiers-\u00e9tat &#8211; Acrostiche du Moyen-\u00e2ge Guilhem, seigneur respect\u00e9 Enluminures d\u00e9coratives En janvier et f\u00e9vrier, nous avons travaill\u00e9 sur le Moyen-\u00e2ge. En arts visuels, nous avons fait une enluminure. Nous avons r\u00e9alis\u00e9 la lettrine de la premi\u00e8re\u00a0 lettre de notre&hellip; <br \/> <a class=\"read-more\" href=\"https:\/\/maisdonsursevre-steanne.fr\/?p=1458\">Lire la suite<\/a><\/p>\n","protected":false},"author":7,"featured_media":0,"comment_status":"closed","ping_status":"closed","sticky":false,"template":"","format":"standard","meta":{"ngg_post_thumbnail":0,"footnotes":""},"categories":[9],"tags":[],"_links":{"self":[{"href":"https:\/\/maisdonsursevre-steanne.fr\/index.php?rest_route=\/wp\/v2\/posts\/1458"}],"collection":[{"href":"https:\/\/maisdonsursevre-steanne.fr\/index.php?rest_route=\/wp\/v2\/posts"}],"about":[{"href":"https:\/\/maisdonsursevre-steanne.fr\/index.php?rest_route=\/wp\/v2\/types\/post"}],"author":[{"embeddable":true,"href":"https:\/\/maisdonsursevre-steanne.fr\/index.php?rest_route=\/wp\/v2\/users\/7"}],"replies":[{"embeddable":true,"href":"https:\/\/maisdonsursevre-steanne.fr\/index.php?rest_route=%2Fwp%2Fv2%2Fcomments&post=1458"}],"version-history":[{"count":0,"href":"https:\/\/maisdonsursevre-steanne.fr\/index.php?rest_route=\/wp\/v2\/posts\/1458\/revisions"}],"wp:attachment":[{"href":"https:\/\/maisdonsursevre-steanne.fr\/index.php?rest_route=%2Fwp%2Fv2%2Fmedia&parent=1458"}],"wp:term":[{"taxonomy":"category","embeddable":true,"href":"https:\/\/maisdonsursevre-steanne.fr\/index.php?rest_route=%2Fwp%2Fv2%2Fcategories&post=1458"},{"taxonomy":"post_tag","embeddable":true,"href":"https:\/\/maisdonsursevre-steanne.fr\/index.php?rest_route=%2Fwp%2Fv2%2Ftags&post=1458"}],"curies":[{"name":"wp","href":"https:\/\/api.w.org\/{rel}","templated":true}]}}