{"id":1451,"date":"2017-01-13T17:37:08","date_gmt":"2017-01-13T16:37:08","guid":{"rendered":"https:\/\/maisdonsursevre-steanne.fr\/?p=1451"},"modified":"2017-02-08T14:37:57","modified_gmt":"2017-02-08T13:37:57","slug":"le-marche-de-noel","status":"publish","type":"post","link":"https:\/\/maisdonsursevre-steanne.fr\/?p=1451","title":{"rendered":"Le march\u00e9  de No\u00ebl"},"content":{"rendered":"<p>Nous avons r\u00e9p\u00e9t\u00e9 les chants de No\u00ebl avec la classe de Vanessa.<\/p>\n<p>Le jour du march\u00e9, nous avons chant\u00e9 \u00e0 la salle municipale, devant les parents. Nous avons ensuite \u00e9cout\u00e9 les chants des autres classe et nous avons tous termin\u00e9 avec le chant final.<\/p>\n<p>Quand c&#8217; \u00e9tait fini les parents sont venus nous chercher devant la sc\u00e8ne.<\/p>\n<p>Certains ont mang\u00e9 de la tartiflette, des bonbons, des g\u00e2teaux.<\/p>\n<p>Les filles se sont maquill\u00e9es avec des couleurs tr\u00e8s jolies .<\/p>\n<p>Ensuite nous sommes all\u00e9s jouer dehors ou dans la salle.<\/p>\n<p>C&#8217;\u00e9tait super g\u00e9nial !<\/p>\n<p>&nbsp;<\/p>\n<p>Ilan et Jessy<\/p>\n","protected":false},"excerpt":{"rendered":"<p>Nous avons r\u00e9p\u00e9t\u00e9 les chants de No\u00ebl avec la classe de Vanessa. Le jour du march\u00e9, nous avons chant\u00e9 \u00e0 la salle municipale, devant les parents. Nous avons ensuite \u00e9cout\u00e9 les chants des autres classe et nous avons tous termin\u00e9 avec le chant final. Quand c&#8217; \u00e9tait fini les parents sont venus nous chercher devant&hellip; <br \/> <a class=\"read-more\" href=\"https:\/\/maisdonsursevre-steanne.fr\/?p=1451\">Lire la suite<\/a><\/p>\n","protected":false},"author":7,"featured_media":0,"comment_status":"closed","ping_status":"closed","sticky":false,"template":"","format":"standard","meta":{"ngg_post_thumbnail":0,"footnotes":""},"categories":[9],"tags":[],"_links":{"self":[{"href":"https:\/\/maisdonsursevre-steanne.fr\/index.php?rest_route=\/wp\/v2\/posts\/1451"}],"collection":[{"href":"https:\/\/maisdonsursevre-steanne.fr\/index.php?rest_route=\/wp\/v2\/posts"}],"about":[{"href":"https:\/\/maisdonsursevre-steanne.fr\/index.php?rest_route=\/wp\/v2\/types\/post"}],"author":[{"embeddable":true,"href":"https:\/\/maisdonsursevre-steanne.fr\/index.php?rest_route=\/wp\/v2\/users\/7"}],"replies":[{"embeddable":true,"href":"https:\/\/maisdonsursevre-steanne.fr\/index.php?rest_route=%2Fwp%2Fv2%2Fcomments&post=1451"}],"version-history":[{"count":0,"href":"https:\/\/maisdonsursevre-steanne.fr\/index.php?rest_route=\/wp\/v2\/posts\/1451\/revisions"}],"wp:attachment":[{"href":"https:\/\/maisdonsursevre-steanne.fr\/index.php?rest_route=%2Fwp%2Fv2%2Fmedia&parent=1451"}],"wp:term":[{"taxonomy":"category","embeddable":true,"href":"https:\/\/maisdonsursevre-steanne.fr\/index.php?rest_route=%2Fwp%2Fv2%2Fcategories&post=1451"},{"taxonomy":"post_tag","embeddable":true,"href":"https:\/\/maisdonsursevre-steanne.fr\/index.php?rest_route=%2Fwp%2Fv2%2Ftags&post=1451"}],"curies":[{"name":"wp","href":"https:\/\/api.w.org\/{rel}","templated":true}]}}