{"id":1448,"date":"2017-01-13T17:36:04","date_gmt":"2017-01-13T16:36:04","guid":{"rendered":"https:\/\/maisdonsursevre-steanne.fr\/?p=1448"},"modified":"2017-02-08T14:38:06","modified_gmt":"2017-02-08T13:38:06","slug":"le-bricolage-de-noel","status":"publish","type":"post","link":"https:\/\/maisdonsursevre-steanne.fr\/?p=1448","title":{"rendered":"Le bricolage de No\u00ebl"},"content":{"rendered":"<p>Nous avons commenc\u00e9s par peindre un carton blanc de la couleur qu&#8217;on voulait.<\/p>\n<p>Ensuite, nous avons coll\u00e9 un calendrier\u00a0 en papier.<\/p>\n<p>A la troisi\u00e8me s\u00e9ance, nous avons aid\u00e9 nos filleuls \u00e0 coller leur calendrier et leur photo sur leur<\/p>\n<p>calendrier de couleur.<\/p>\n<p>A la quatri\u00e8me\u00a0 s\u00e9ance, on a d\u00e9coup\u00e9 l&#8217;ann\u00e9e 2017 et on l&#8217;a aussi coll\u00e9 et d\u00e9cor\u00e9.<\/p>\n<p>Ensuite,on a d\u00e9cor\u00e9 le carton de couleur avec des autocollants de plusieurs couleurs.<\/p>\n<p>Le bricolage \u00e9tait trop bien car c&#8217;\u00e9tait joli.<\/p>\n<p>Elisa et Nathan<\/p>\n<p>&nbsp;<\/p>\n<p><a href=\"https:\/\/maisdonsursevre-steanne.fr\/wp-content\/uploads\/2017\/01\/20161130_1155301.jpg\"><img loading=\"lazy\" decoding=\"async\" class=\"alignnone size-medium wp-image-1449\" src=\"https:\/\/maisdonsursevre-steanne.fr\/wp-content\/uploads\/2017\/01\/20161130_1155301-300x225.jpg\" alt=\"\" width=\"300\" height=\"225\" srcset=\"https:\/\/maisdonsursevre-steanne.fr\/wp-content\/uploads\/2017\/01\/20161130_1155301-300x225.jpg 300w, https:\/\/maisdonsursevre-steanne.fr\/wp-content\/uploads\/2017\/01\/20161130_1155301-768x576.jpg 768w, https:\/\/maisdonsursevre-steanne.fr\/wp-content\/uploads\/2017\/01\/20161130_1155301-1024x768.jpg 1024w, https:\/\/maisdonsursevre-steanne.fr\/wp-content\/uploads\/2017\/01\/20161130_1155301-600x450.jpg 600w, https:\/\/maisdonsursevre-steanne.fr\/wp-content\/uploads\/2017\/01\/20161130_1155301.jpg 2048w\" sizes=\"(max-width: 300px) 100vw, 300px\" \/><\/a><\/p>\n<p>&nbsp;<\/p>\n<p>&nbsp;<\/p>\n","protected":false},"excerpt":{"rendered":"<p>Nous avons commenc\u00e9s par peindre un carton blanc de la couleur qu&#8217;on voulait. Ensuite, nous avons coll\u00e9 un calendrier\u00a0 en papier. A la troisi\u00e8me s\u00e9ance, nous avons aid\u00e9 nos filleuls \u00e0 coller leur calendrier et leur photo sur leur calendrier de couleur. A la quatri\u00e8me\u00a0 s\u00e9ance, on a d\u00e9coup\u00e9 l&#8217;ann\u00e9e 2017 et on l&#8217;a aussi&hellip; <br \/> <a class=\"read-more\" href=\"https:\/\/maisdonsursevre-steanne.fr\/?p=1448\">Lire la suite<\/a><\/p>\n","protected":false},"author":7,"featured_media":0,"comment_status":"closed","ping_status":"closed","sticky":false,"template":"","format":"standard","meta":{"ngg_post_thumbnail":0,"footnotes":""},"categories":[9],"tags":[],"_links":{"self":[{"href":"https:\/\/maisdonsursevre-steanne.fr\/index.php?rest_route=\/wp\/v2\/posts\/1448"}],"collection":[{"href":"https:\/\/maisdonsursevre-steanne.fr\/index.php?rest_route=\/wp\/v2\/posts"}],"about":[{"href":"https:\/\/maisdonsursevre-steanne.fr\/index.php?rest_route=\/wp\/v2\/types\/post"}],"author":[{"embeddable":true,"href":"https:\/\/maisdonsursevre-steanne.fr\/index.php?rest_route=\/wp\/v2\/users\/7"}],"replies":[{"embeddable":true,"href":"https:\/\/maisdonsursevre-steanne.fr\/index.php?rest_route=%2Fwp%2Fv2%2Fcomments&post=1448"}],"version-history":[{"count":0,"href":"https:\/\/maisdonsursevre-steanne.fr\/index.php?rest_route=\/wp\/v2\/posts\/1448\/revisions"}],"wp:attachment":[{"href":"https:\/\/maisdonsursevre-steanne.fr\/index.php?rest_route=%2Fwp%2Fv2%2Fmedia&parent=1448"}],"wp:term":[{"taxonomy":"category","embeddable":true,"href":"https:\/\/maisdonsursevre-steanne.fr\/index.php?rest_route=%2Fwp%2Fv2%2Fcategories&post=1448"},{"taxonomy":"post_tag","embeddable":true,"href":"https:\/\/maisdonsursevre-steanne.fr\/index.php?rest_route=%2Fwp%2Fv2%2Ftags&post=1448"}],"curies":[{"name":"wp","href":"https:\/\/api.w.org\/{rel}","templated":true}]}}