{"id":1398,"date":"2016-12-09T16:51:04","date_gmt":"2016-12-09T15:51:04","guid":{"rendered":"https:\/\/maisdonsursevre-steanne.fr\/?p=1398"},"modified":"2025-11-20T20:03:10","modified_gmt":"2025-11-20T19:03:10","slug":"apc-theatre","status":"publish","type":"post","link":"https:\/\/maisdonsursevre-steanne.fr\/?p=1398","title":{"rendered":"APC Th\u00e9\u00e2tre"},"content":{"rendered":"<p>Depuis septembre, 6 \u00e9l\u00e8ves de la classe ont choisi de participer \u00e0 l&#8217;atelier th\u00e9\u00e2tre propos\u00e9 dans le cadre des Activit\u00e9s P\u00e9dagogiques Compl\u00e9mentaires le midi encadr\u00e9 par Laurence et Emilie.<\/p>\n<p>Aujourd&#8217;hui, vendredi 9 d\u00e9cembre, ils ont fait leur repr\u00e9sentation devant toute la classe.<\/p>\n<p>Voici quelques photos:<\/p>\n\n\t\t<style type=\"text\/css\">\n\t\t\t#gallery-1 {\n\t\t\t\tmargin: auto;\n\t\t\t}\n\t\t\t#gallery-1 .gallery-item {\n\t\t\t\tfloat: left;\n\t\t\t\tmargin-top: 10px;\n\t\t\t\ttext-align: center;\n\t\t\t\twidth: 33%;\n\t\t\t}\n\t\t\t#gallery-1 img {\n\t\t\t\tborder: 2px solid #cfcfcf;\n\t\t\t}\n\t\t\t#gallery-1 .gallery-caption {\n\t\t\t\tmargin-left: 0;\n\t\t\t}\n\t\t\t\/* see gallery_shortcode() in wp-includes\/media.php *\/\n\t\t<\/style>\n\t\t<div id='gallery-1' class='gallery galleryid-1398 gallery-columns-3 gallery-size-medium'><dl class='gallery-item'>\n\t\t\t<dt class='gallery-icon landscape'>\n\t\t\t\t<a href='https:\/\/maisdonsursevre-steanne.fr\/?attachment_id=1399'><img loading=\"lazy\" decoding=\"async\" width=\"300\" height=\"225\" src=\"https:\/\/maisdonsursevre-steanne.fr\/wp-content\/uploads\/2016\/12\/atelier-th\u00e9\u00e2tre-2-300x225.jpg\" class=\"attachment-medium size-medium\" alt=\"\" srcset=\"https:\/\/maisdonsursevre-steanne.fr\/wp-content\/uploads\/2016\/12\/atelier-th\u00e9\u00e2tre-2-300x225.jpg 300w, https:\/\/maisdonsursevre-steanne.fr\/wp-content\/uploads\/2016\/12\/atelier-th\u00e9\u00e2tre-2-768x576.jpg 768w, https:\/\/maisdonsursevre-steanne.fr\/wp-content\/uploads\/2016\/12\/atelier-th\u00e9\u00e2tre-2-1024x768.jpg 1024w, https:\/\/maisdonsursevre-steanne.fr\/wp-content\/uploads\/2016\/12\/atelier-th\u00e9\u00e2tre-2-600x450.jpg 600w, https:\/\/maisdonsursevre-steanne.fr\/wp-content\/uploads\/2016\/12\/atelier-th\u00e9\u00e2tre-2.jpg 2048w\" sizes=\"(max-width: 300px) 100vw, 300px\" \/><\/a>\n\t\t\t<\/dt><\/dl><dl class='gallery-item'>\n\t\t\t<dt class='gallery-icon landscape'>\n\t\t\t\t<a href='https:\/\/maisdonsursevre-steanne.fr\/?attachment_id=1400'><img loading=\"lazy\" decoding=\"async\" width=\"300\" height=\"225\" src=\"https:\/\/maisdonsursevre-steanne.fr\/wp-content\/uploads\/2016\/12\/atelier-th\u00e9\u00e2tre-3-300x225.jpg\" class=\"attachment-medium size-medium\" alt=\"\" srcset=\"https:\/\/maisdonsursevre-steanne.fr\/wp-content\/uploads\/2016\/12\/atelier-th\u00e9\u00e2tre-3-300x225.jpg 300w, https:\/\/maisdonsursevre-steanne.fr\/wp-content\/uploads\/2016\/12\/atelier-th\u00e9\u00e2tre-3-768x576.jpg 768w, https:\/\/maisdonsursevre-steanne.fr\/wp-content\/uploads\/2016\/12\/atelier-th\u00e9\u00e2tre-3-1024x768.jpg 1024w, https:\/\/maisdonsursevre-steanne.fr\/wp-content\/uploads\/2016\/12\/atelier-th\u00e9\u00e2tre-3-600x450.jpg 600w, https:\/\/maisdonsursevre-steanne.fr\/wp-content\/uploads\/2016\/12\/atelier-th\u00e9\u00e2tre-3.jpg 2048w\" sizes=\"(max-width: 300px) 100vw, 300px\" \/><\/a>\n\t\t\t<\/dt><\/dl><dl class='gallery-item'>\n\t\t\t<dt class='gallery-icon landscape'>\n\t\t\t\t<a href='https:\/\/maisdonsursevre-steanne.fr\/?attachment_id=1401'><img loading=\"lazy\" decoding=\"async\" width=\"300\" height=\"225\" src=\"https:\/\/maisdonsursevre-steanne.fr\/wp-content\/uploads\/2016\/12\/atelier-th\u00e9\u00e2tre-300x225.jpg\" class=\"attachment-medium size-medium\" alt=\"\" srcset=\"https:\/\/maisdonsursevre-steanne.fr\/wp-content\/uploads\/2016\/12\/atelier-th\u00e9\u00e2tre-300x225.jpg 300w, https:\/\/maisdonsursevre-steanne.fr\/wp-content\/uploads\/2016\/12\/atelier-th\u00e9\u00e2tre-768x576.jpg 768w, https:\/\/maisdonsursevre-steanne.fr\/wp-content\/uploads\/2016\/12\/atelier-th\u00e9\u00e2tre-1024x768.jpg 1024w, https:\/\/maisdonsursevre-steanne.fr\/wp-content\/uploads\/2016\/12\/atelier-th\u00e9\u00e2tre-600x450.jpg 600w, https:\/\/maisdonsursevre-steanne.fr\/wp-content\/uploads\/2016\/12\/atelier-th\u00e9\u00e2tre.jpg 2048w\" sizes=\"(max-width: 300px) 100vw, 300px\" \/><\/a>\n\t\t\t<\/dt><\/dl><br style=\"clear: both\" \/>\n\t\t<\/div>\n\n","protected":false},"excerpt":{"rendered":"<p>Depuis septembre, 6 \u00e9l\u00e8ves de la classe ont choisi de participer \u00e0 l&#8217;atelier th\u00e9\u00e2tre propos\u00e9 dans le cadre des Activit\u00e9s P\u00e9dagogiques Compl\u00e9mentaires le midi encadr\u00e9 par Laurence et Emilie. Aujourd&#8217;hui, vendredi 9 d\u00e9cembre, ils ont fait leur repr\u00e9sentation devant toute la classe. Voici quelques photos:<\/p>\n","protected":false},"author":11,"featured_media":0,"comment_status":"closed","ping_status":"closed","sticky":false,"template":"","format":"standard","meta":{"ngg_post_thumbnail":0,"footnotes":""},"categories":[9],"tags":[],"_links":{"self":[{"href":"https:\/\/maisdonsursevre-steanne.fr\/index.php?rest_route=\/wp\/v2\/posts\/1398"}],"collection":[{"href":"https:\/\/maisdonsursevre-steanne.fr\/index.php?rest_route=\/wp\/v2\/posts"}],"about":[{"href":"https:\/\/maisdonsursevre-steanne.fr\/index.php?rest_route=\/wp\/v2\/types\/post"}],"author":[{"embeddable":true,"href":"https:\/\/maisdonsursevre-steanne.fr\/index.php?rest_route=\/wp\/v2\/users\/11"}],"replies":[{"embeddable":true,"href":"https:\/\/maisdonsursevre-steanne.fr\/index.php?rest_route=%2Fwp%2Fv2%2Fcomments&post=1398"}],"version-history":[{"count":1,"href":"https:\/\/maisdonsursevre-steanne.fr\/index.php?rest_route=\/wp\/v2\/posts\/1398\/revisions"}],"predecessor-version":[{"id":6450,"href":"https:\/\/maisdonsursevre-steanne.fr\/index.php?rest_route=\/wp\/v2\/posts\/1398\/revisions\/6450"}],"wp:attachment":[{"href":"https:\/\/maisdonsursevre-steanne.fr\/index.php?rest_route=%2Fwp%2Fv2%2Fmedia&parent=1398"}],"wp:term":[{"taxonomy":"category","embeddable":true,"href":"https:\/\/maisdonsursevre-steanne.fr\/index.php?rest_route=%2Fwp%2Fv2%2Fcategories&post=1398"},{"taxonomy":"post_tag","embeddable":true,"href":"https:\/\/maisdonsursevre-steanne.fr\/index.php?rest_route=%2Fwp%2Fv2%2Ftags&post=1398"}],"curies":[{"name":"wp","href":"https:\/\/api.w.org\/{rel}","templated":true}]}}