{"id":1377,"date":"2016-11-06T23:39:22","date_gmt":"2016-11-06T22:39:22","guid":{"rendered":"https:\/\/maisdonsursevre-steanne.fr\/?p=1377"},"modified":"2016-11-07T23:32:31","modified_gmt":"2016-11-07T22:32:31","slug":"semaine-du-gout-2016","status":"publish","type":"post","link":"https:\/\/maisdonsursevre-steanne.fr\/?p=1377","title":{"rendered":"Semaine du go\u00fbt 2016"},"content":{"rendered":"<p>ngg_shortcode_0_placeholderDu 10 au 14 octobre, nous avons c\u00e9l\u00e9brer la semaine du go\u00fbt \u00e0 l&#8217;\u00e9cole. Cette ann\u00e9e, nous avions choisi le th\u00e8me des couleurs. Ainsi, chaque jour de la semaine nous avons go\u00fbt\u00e9 des produits d&#8217;une couleur diff\u00e9rente et nous venions \u00e0 l&#8217;\u00e9cole avec un v\u00eatement ou accessoire de cette m\u00eame couleur. Nous en avons profit\u00e9 pour travailler nos diff\u00e9rents sens. Parfois, nous avons devin\u00e9 uniquement par le go\u00fbt et nous avions les yeux band\u00e9s. D&#8217;autres fois, nous avons devin\u00e9 par l&#8217;odorat, le toucher et bien s\u00fbr la vue. C&#8217;\u00e9tait rigolo!<\/p>\n<p>Lundi le VERT \u00e9tait \u00e0 l&#8217;honneur et nous avons mang\u00e9 des olives, des cornichons \u00e0 l&#8217;aigre douce et bu du jus de kiwi.<\/p>\n<p>Mardi c&#8217;\u00e9tait le ROUGE.\u00a0 Nous avons mang\u00e9 des betteraves, du poivron et bu du sirop de fruits rouges.<\/p>\n<p>Jeudi c&#8217;\u00e9tait la couleur ORANGE et nous avons gout\u00e9 de la mimolette, des lentilles corail puis bu du nectar d&#8217;abricot.<\/p>\n<p>Vendredi, nous \u00e9tions habill\u00e9s en JAUNE et pour bien finir la semaine du go\u00fbt \u00e0 l&#8217;\u00e9cole, nous avons bu du jus de citron, gout\u00e9 du ma\u00efs et d\u00e9gust\u00e9 une petite friandise: un bonbon jaune en forme de banane!<\/p>\n<p>&nbsp;<\/p>\n<p>&nbsp;<\/p>\n","protected":false},"excerpt":{"rendered":"<p>Du 10 au 14 octobre, nous avons c\u00e9l\u00e9brer la semaine du go\u00fbt \u00e0 l&#8217;\u00e9cole. Cette ann\u00e9e, nous avions choisi le th\u00e8me des couleurs. Ainsi, chaque jour de la semaine nous avons go\u00fbt\u00e9 des produits d&#8217;une couleur diff\u00e9rente et nous venions \u00e0 l&#8217;\u00e9cole avec un v\u00eatement ou accessoire de cette m\u00eame couleur. Nous en avons profit\u00e9&hellip; <br \/> <a class=\"read-more\" href=\"https:\/\/maisdonsursevre-steanne.fr\/?p=1377\">Lire la suite<\/a><\/p>\n","protected":false},"author":11,"featured_media":0,"comment_status":"closed","ping_status":"closed","sticky":false,"template":"","format":"standard","meta":{"ngg_post_thumbnail":0,"footnotes":""},"categories":[5],"tags":[],"_links":{"self":[{"href":"https:\/\/maisdonsursevre-steanne.fr\/index.php?rest_route=\/wp\/v2\/posts\/1377"}],"collection":[{"href":"https:\/\/maisdonsursevre-steanne.fr\/index.php?rest_route=\/wp\/v2\/posts"}],"about":[{"href":"https:\/\/maisdonsursevre-steanne.fr\/index.php?rest_route=\/wp\/v2\/types\/post"}],"author":[{"embeddable":true,"href":"https:\/\/maisdonsursevre-steanne.fr\/index.php?rest_route=\/wp\/v2\/users\/11"}],"replies":[{"embeddable":true,"href":"https:\/\/maisdonsursevre-steanne.fr\/index.php?rest_route=%2Fwp%2Fv2%2Fcomments&post=1377"}],"version-history":[{"count":0,"href":"https:\/\/maisdonsursevre-steanne.fr\/index.php?rest_route=\/wp\/v2\/posts\/1377\/revisions"}],"wp:attachment":[{"href":"https:\/\/maisdonsursevre-steanne.fr\/index.php?rest_route=%2Fwp%2Fv2%2Fmedia&parent=1377"}],"wp:term":[{"taxonomy":"category","embeddable":true,"href":"https:\/\/maisdonsursevre-steanne.fr\/index.php?rest_route=%2Fwp%2Fv2%2Fcategories&post=1377"},{"taxonomy":"post_tag","embeddable":true,"href":"https:\/\/maisdonsursevre-steanne.fr\/index.php?rest_route=%2Fwp%2Fv2%2Ftags&post=1377"}],"curies":[{"name":"wp","href":"https:\/\/api.w.org\/{rel}","templated":true}]}}