{"id":1375,"date":"2016-11-06T22:51:37","date_gmt":"2016-11-06T21:51:37","guid":{"rendered":"https:\/\/maisdonsursevre-steanne.fr\/?p=1375"},"modified":"2016-11-06T22:51:37","modified_gmt":"2016-11-06T21:51:37","slug":"sortie-dautomne","status":"publish","type":"post","link":"https:\/\/maisdonsursevre-steanne.fr\/?p=1375","title":{"rendered":"Sortie d&#8217;automne"},"content":{"rendered":"<p>Jeudi 3 novembre nous avons fait une petite sortie \u00e0 pied tout autour de l&#8217;\u00e9cole pour ramasser diff\u00e9rentes feuilles et tr\u00e9sors d&#8217;automne. Nous les avons rapport\u00e9s en classe et nous nous en servirons prochainement en Arts visuels. ngg_shortcode_0_placeholderngg_shortcode_1_placeholder<\/p>\n","protected":false},"excerpt":{"rendered":"<p>Jeudi 3 novembre nous avons fait une petite sortie \u00e0 pied tout autour de l&#8217;\u00e9cole pour ramasser diff\u00e9rentes feuilles et tr\u00e9sors d&#8217;automne. Nous les avons rapport\u00e9s en classe et nous nous en servirons prochainement en Arts visuels.<\/p>\n","protected":false},"author":11,"featured_media":0,"comment_status":"closed","ping_status":"closed","sticky":false,"template":"","format":"standard","meta":{"ngg_post_thumbnail":0,"footnotes":""},"categories":[5],"tags":[],"_links":{"self":[{"href":"https:\/\/maisdonsursevre-steanne.fr\/index.php?rest_route=\/wp\/v2\/posts\/1375"}],"collection":[{"href":"https:\/\/maisdonsursevre-steanne.fr\/index.php?rest_route=\/wp\/v2\/posts"}],"about":[{"href":"https:\/\/maisdonsursevre-steanne.fr\/index.php?rest_route=\/wp\/v2\/types\/post"}],"author":[{"embeddable":true,"href":"https:\/\/maisdonsursevre-steanne.fr\/index.php?rest_route=\/wp\/v2\/users\/11"}],"replies":[{"embeddable":true,"href":"https:\/\/maisdonsursevre-steanne.fr\/index.php?rest_route=%2Fwp%2Fv2%2Fcomments&post=1375"}],"version-history":[{"count":0,"href":"https:\/\/maisdonsursevre-steanne.fr\/index.php?rest_route=\/wp\/v2\/posts\/1375\/revisions"}],"wp:attachment":[{"href":"https:\/\/maisdonsursevre-steanne.fr\/index.php?rest_route=%2Fwp%2Fv2%2Fmedia&parent=1375"}],"wp:term":[{"taxonomy":"category","embeddable":true,"href":"https:\/\/maisdonsursevre-steanne.fr\/index.php?rest_route=%2Fwp%2Fv2%2Fcategories&post=1375"},{"taxonomy":"post_tag","embeddable":true,"href":"https:\/\/maisdonsursevre-steanne.fr\/index.php?rest_route=%2Fwp%2Fv2%2Ftags&post=1375"}],"curies":[{"name":"wp","href":"https:\/\/api.w.org\/{rel}","templated":true}]}}