{"id":1298,"date":"2016-10-14T08:26:45","date_gmt":"2016-10-14T07:26:45","guid":{"rendered":"https:\/\/maisdonsursevre-steanne.fr\/?p=1298"},"modified":"2019-01-04T14:26:28","modified_gmt":"2019-01-04T13:26:28","slug":"abecedaire-pour-nos-filleuls","status":"publish","type":"post","link":"https:\/\/maisdonsursevre-steanne.fr\/?p=1298","title":{"rendered":"ab\u00e9c\u00e9daire pour nos filleuls"},"content":{"rendered":"<p><span style=\"color: #3366ff;\">Depuis trois semaines, nous nous sommes lanc\u00e9s le d\u00e9fi de r\u00e9aliser un ab\u00e9c\u00e9daire des mots de l&#8217;\u00e9cole pour l&#8217;offrir \u00e0 nos filleuls.<\/span><\/p>\n<p><span style=\"color: #3366ff;\">Pour cela, nous avons d\u00fb:<\/span><\/p>\n<ul>\n<li><span style=\"color: #ff00ff;\">noter tous les mots du vocabulaire de l&#8217;\u00e9cole<\/span><\/li>\n<li><span style=\"color: #ff00ff;\">les ranger dans l&#8217;ordre alphab\u00e9tique<\/span><\/li>\n<li><span style=\"color: #ff00ff;\">prendre des photos pour illustrer nos mots<\/span><\/li>\n<li><span style=\"color: #ff00ff;\">\u00e9crire sur une fiche les mots en \u00e9criture capitale, scripte et cursive<\/span><\/li>\n<li><span style=\"color: #ff00ff;\">offrir notre porte-vues!<\/span><\/li>\n<\/ul>\n<p><span style=\"color: #3366ff;\">Voici quelques photos:<\/span><\/p>\n<p>&nbsp;<\/p>\nngg_shortcode_0_placeholder\n","protected":false},"excerpt":{"rendered":"<p>Depuis trois semaines, nous nous sommes lanc\u00e9s le d\u00e9fi de r\u00e9aliser un ab\u00e9c\u00e9daire des mots de l&#8217;\u00e9cole pour l&#8217;offrir \u00e0 nos filleuls. Pour cela, nous avons d\u00fb: noter tous les mots du vocabulaire de l&#8217;\u00e9cole les ranger dans l&#8217;ordre alphab\u00e9tique prendre des photos pour illustrer nos mots \u00e9crire sur une fiche les mots en \u00e9criture&hellip; <br \/> <a class=\"read-more\" href=\"https:\/\/maisdonsursevre-steanne.fr\/?p=1298\">Lire la suite<\/a><\/p>\n","protected":false},"author":11,"featured_media":0,"comment_status":"closed","ping_status":"closed","sticky":false,"template":"","format":"standard","meta":{"ngg_post_thumbnail":0,"footnotes":""},"categories":[5],"tags":[],"_links":{"self":[{"href":"https:\/\/maisdonsursevre-steanne.fr\/index.php?rest_route=\/wp\/v2\/posts\/1298"}],"collection":[{"href":"https:\/\/maisdonsursevre-steanne.fr\/index.php?rest_route=\/wp\/v2\/posts"}],"about":[{"href":"https:\/\/maisdonsursevre-steanne.fr\/index.php?rest_route=\/wp\/v2\/types\/post"}],"author":[{"embeddable":true,"href":"https:\/\/maisdonsursevre-steanne.fr\/index.php?rest_route=\/wp\/v2\/users\/11"}],"replies":[{"embeddable":true,"href":"https:\/\/maisdonsursevre-steanne.fr\/index.php?rest_route=%2Fwp%2Fv2%2Fcomments&post=1298"}],"version-history":[{"count":0,"href":"https:\/\/maisdonsursevre-steanne.fr\/index.php?rest_route=\/wp\/v2\/posts\/1298\/revisions"}],"wp:attachment":[{"href":"https:\/\/maisdonsursevre-steanne.fr\/index.php?rest_route=%2Fwp%2Fv2%2Fmedia&parent=1298"}],"wp:term":[{"taxonomy":"category","embeddable":true,"href":"https:\/\/maisdonsursevre-steanne.fr\/index.php?rest_route=%2Fwp%2Fv2%2Fcategories&post=1298"},{"taxonomy":"post_tag","embeddable":true,"href":"https:\/\/maisdonsursevre-steanne.fr\/index.php?rest_route=%2Fwp%2Fv2%2Ftags&post=1298"}],"curies":[{"name":"wp","href":"https:\/\/api.w.org\/{rel}","templated":true}]}}