{"id":1292,"date":"2016-10-13T16:53:43","date_gmt":"2016-10-13T15:53:43","guid":{"rendered":"https:\/\/maisdonsursevre-steanne.fr\/?p=1292"},"modified":"2025-11-20T20:03:39","modified_gmt":"2025-11-20T19:03:39","slug":"election-des-delegues-4","status":"publish","type":"post","link":"https:\/\/maisdonsursevre-steanne.fr\/?p=1292","title":{"rendered":"Election des d\u00e9l\u00e9gu\u00e9s"},"content":{"rendered":"<p><a href=\"https:\/\/maisdonsursevre-steanne.fr\/wp-content\/uploads\/2016\/10\/DSC_1009.jpg\"><img loading=\"lazy\" decoding=\"async\" class=\"alignnone size-medium wp-image-1294\" src=\"https:\/\/maisdonsursevre-steanne.fr\/wp-content\/uploads\/2016\/10\/DSC_1009-300x169.jpg\" alt=\"d\u00e9l\u00e9gu\u00e9s\" width=\"300\" height=\"169\" srcset=\"https:\/\/maisdonsursevre-steanne.fr\/wp-content\/uploads\/2016\/10\/DSC_1009-300x169.jpg 300w, https:\/\/maisdonsursevre-steanne.fr\/wp-content\/uploads\/2016\/10\/DSC_1009-768x432.jpg 768w, https:\/\/maisdonsursevre-steanne.fr\/wp-content\/uploads\/2016\/10\/DSC_1009-1024x576.jpg 1024w, https:\/\/maisdonsursevre-steanne.fr\/wp-content\/uploads\/2016\/10\/DSC_1009-600x338.jpg 600w, https:\/\/maisdonsursevre-steanne.fr\/wp-content\/uploads\/2016\/10\/DSC_1009.jpg 2048w\" sizes=\"(max-width: 300px) 100vw, 300px\" \/><\/a><\/p>\n<p>Nous avons fait l&#8217;\u00e9lection des d\u00e9l\u00e9gu\u00e9s.<\/p>\n<p>C&#8217;est important car ils peuvent nous aider si on a des probl\u00e8mes, ils peuvent proposer des choses pour l&#8217;\u00e9cole, pour am\u00e9liorer la classe.<\/p>\n<p>Les \u00e9l\u00e8ves qui se pr\u00e9sentaient devaient faire des affiches. Les affiches servent \u00e0 illustrer ce qu&#8217;on veut faire quand on sera d\u00e9l\u00e9gu\u00e9. Otys, Chlo\u00e9, C\u00e9leste, Ayrton, Alicia et Ma\u00e9va \u00e9taient des candidats.<\/p>\n<p>Ensuite, nous avons vot\u00e9 pour un CM1 et un CE2. Nous avons choisi Alicia et Ayrton, C\u00e9leste et Otys sont les rempla\u00e7ants.<\/p>\n<p>&nbsp;<\/p>\n<p>Chlo\u00e9, Coline, Nayah<\/p>\n","protected":false},"excerpt":{"rendered":"<p>Nous avons fait l&#8217;\u00e9lection des d\u00e9l\u00e9gu\u00e9s. C&#8217;est important car ils peuvent nous aider si on a des probl\u00e8mes, ils peuvent proposer des choses pour l&#8217;\u00e9cole, pour am\u00e9liorer la classe. Les \u00e9l\u00e8ves qui se pr\u00e9sentaient devaient faire des affiches. Les affiches servent \u00e0 illustrer ce qu&#8217;on veut faire quand on sera d\u00e9l\u00e9gu\u00e9. Otys, Chlo\u00e9, C\u00e9leste, Ayrton,&hellip; <br \/> <a class=\"read-more\" href=\"https:\/\/maisdonsursevre-steanne.fr\/?p=1292\">Lire la suite<\/a><\/p>\n","protected":false},"author":11,"featured_media":0,"comment_status":"closed","ping_status":"closed","sticky":false,"template":"","format":"standard","meta":{"ngg_post_thumbnail":0,"footnotes":""},"categories":[9],"tags":[],"_links":{"self":[{"href":"https:\/\/maisdonsursevre-steanne.fr\/index.php?rest_route=\/wp\/v2\/posts\/1292"}],"collection":[{"href":"https:\/\/maisdonsursevre-steanne.fr\/index.php?rest_route=\/wp\/v2\/posts"}],"about":[{"href":"https:\/\/maisdonsursevre-steanne.fr\/index.php?rest_route=\/wp\/v2\/types\/post"}],"author":[{"embeddable":true,"href":"https:\/\/maisdonsursevre-steanne.fr\/index.php?rest_route=\/wp\/v2\/users\/11"}],"replies":[{"embeddable":true,"href":"https:\/\/maisdonsursevre-steanne.fr\/index.php?rest_route=%2Fwp%2Fv2%2Fcomments&post=1292"}],"version-history":[{"count":1,"href":"https:\/\/maisdonsursevre-steanne.fr\/index.php?rest_route=\/wp\/v2\/posts\/1292\/revisions"}],"predecessor-version":[{"id":6453,"href":"https:\/\/maisdonsursevre-steanne.fr\/index.php?rest_route=\/wp\/v2\/posts\/1292\/revisions\/6453"}],"wp:attachment":[{"href":"https:\/\/maisdonsursevre-steanne.fr\/index.php?rest_route=%2Fwp%2Fv2%2Fmedia&parent=1292"}],"wp:term":[{"taxonomy":"category","embeddable":true,"href":"https:\/\/maisdonsursevre-steanne.fr\/index.php?rest_route=%2Fwp%2Fv2%2Fcategories&post=1292"},{"taxonomy":"post_tag","embeddable":true,"href":"https:\/\/maisdonsursevre-steanne.fr\/index.php?rest_route=%2Fwp%2Fv2%2Ftags&post=1292"}],"curies":[{"name":"wp","href":"https:\/\/api.w.org\/{rel}","templated":true}]}}