{"id":1275,"date":"2016-10-07T13:24:58","date_gmt":"2016-10-07T12:24:58","guid":{"rendered":"https:\/\/maisdonsursevre-steanne.fr\/?p=1275"},"modified":"2025-11-20T19:53:27","modified_gmt":"2025-11-20T18:53:27","slug":"sortie-au-centre-de-la-prehistoire","status":"publish","type":"post","link":"https:\/\/maisdonsursevre-steanne.fr\/?p=1275","title":{"rendered":"Sortie au centre de la Pr\u00e9histoire"},"content":{"rendered":"<p><img loading=\"lazy\" decoding=\"async\" class=\"alignnone size-medium wp-image-1279 aligncenter\" src=\"https:\/\/maisdonsursevre-steanne.fr\/wp-content\/uploads\/2016\/10\/IMG_5258-300x225.jpg\" alt=\"img_5258\" width=\"300\" height=\"225\" srcset=\"https:\/\/maisdonsursevre-steanne.fr\/wp-content\/uploads\/2016\/10\/IMG_5258-300x225.jpg 300w, https:\/\/maisdonsursevre-steanne.fr\/wp-content\/uploads\/2016\/10\/IMG_5258-768x576.jpg 768w, https:\/\/maisdonsursevre-steanne.fr\/wp-content\/uploads\/2016\/10\/IMG_5258-1024x768.jpg 1024w, https:\/\/maisdonsursevre-steanne.fr\/wp-content\/uploads\/2016\/10\/IMG_5258-600x450.jpg 600w, https:\/\/maisdonsursevre-steanne.fr\/wp-content\/uploads\/2016\/10\/IMG_5258-960x720.jpg 960w, https:\/\/maisdonsursevre-steanne.fr\/wp-content\/uploads\/2016\/10\/IMG_5258-480x360.jpg 480w, https:\/\/maisdonsursevre-steanne.fr\/wp-content\/uploads\/2016\/10\/IMG_5258-320x240.jpg 320w, https:\/\/maisdonsursevre-steanne.fr\/wp-content\/uploads\/2016\/10\/IMG_5258-240x180.jpg 240w, https:\/\/maisdonsursevre-steanne.fr\/wp-content\/uploads\/2016\/10\/IMG_5258.jpg 2048w\" sizes=\"(max-width: 300px) 100vw, 300px\" \/><\/p>\n<p>Lundi 4 octobre, nous sommes all\u00e9s au centre de la Pr\u00e9histoire en Vend\u00e9e.<\/p>\n<p>Voici quelques r\u00e9cits des \u00e9l\u00e8ves.<\/p>\n<p>&nbsp;<\/p>\n<p><span style=\"color: #3366ff;\">J&#8217;ai aim\u00e9 quand Jo a fait du feu avec du bois de sapin et une branche de lierre. Grace \u00e0 un arc, il faisait frotter les deux bois et une sorte de poudre se formait. Ensuite, il l&#8217;a mise dans de la paille et puis il a souffl\u00e9 et la paille s&#8217;est enflamm\u00e9e.<\/span><\/p>\n<p><span style=\"color: #3366ff;\">Aymeric<\/span><\/p>\n<p style=\"text-align: center;\"><a href=\"https:\/\/maisdonsursevre-steanne.fr\/wp-content\/uploads\/2016\/10\/IMG_5305.jpg\"><img loading=\"lazy\" decoding=\"async\" class=\"wp-image-1276 aligncenter\" src=\"https:\/\/maisdonsursevre-steanne.fr\/wp-content\/uploads\/2016\/10\/IMG_5305-225x300.jpg\" alt=\"img_5305\" width=\"264\" height=\"352\" srcset=\"https:\/\/maisdonsursevre-steanne.fr\/wp-content\/uploads\/2016\/10\/IMG_5305-225x300.jpg 225w, https:\/\/maisdonsursevre-steanne.fr\/wp-content\/uploads\/2016\/10\/IMG_5305-768x1024.jpg 768w, https:\/\/maisdonsursevre-steanne.fr\/wp-content\/uploads\/2016\/10\/IMG_5305-600x800.jpg 600w, https:\/\/maisdonsursevre-steanne.fr\/wp-content\/uploads\/2016\/10\/IMG_5305.jpg 1536w\" sizes=\"(max-width: 264px) 100vw, 264px\" \/><\/a><\/p>\n<p style=\"text-align: left;\"><span style=\"color: #ff00ff;\">J&#8217;ai ador\u00e9 quand nous avons fait de la gravure avec Annick.<\/span><\/p>\n<p style=\"text-align: left;\"><span style=\"color: #ff00ff;\">Au d\u00e9but, il fallait prendre un bout de pl\u00e2tre et \u00e9crire son pr\u00e9nom. Ensuite, il fallait choisir une couleur en ocre et recouvrir le c\u00f4t\u00e9 le plus lisse. Apr\u00e8s, il fallait prendre un silex et faire des motifs pour rendre joli!<\/span><\/p>\n<p style=\"text-align: left;\"><span style=\"color: #ff00ff;\">Cl\u00e9mence<\/span><\/p>\n<p style=\"text-align: center;\"><a href=\"https:\/\/maisdonsursevre-steanne.fr\/wp-content\/uploads\/2016\/10\/IMG_5317.jpg\"><img loading=\"lazy\" decoding=\"async\" class=\"size-medium wp-image-1277 aligncenter\" src=\"https:\/\/maisdonsursevre-steanne.fr\/wp-content\/uploads\/2016\/10\/IMG_5317-300x225.jpg\" alt=\"img_5317\" width=\"300\" height=\"225\" srcset=\"https:\/\/maisdonsursevre-steanne.fr\/wp-content\/uploads\/2016\/10\/IMG_5317-300x225.jpg 300w, https:\/\/maisdonsursevre-steanne.fr\/wp-content\/uploads\/2016\/10\/IMG_5317-768x576.jpg 768w, https:\/\/maisdonsursevre-steanne.fr\/wp-content\/uploads\/2016\/10\/IMG_5317-1024x768.jpg 1024w, https:\/\/maisdonsursevre-steanne.fr\/wp-content\/uploads\/2016\/10\/IMG_5317-600x450.jpg 600w, https:\/\/maisdonsursevre-steanne.fr\/wp-content\/uploads\/2016\/10\/IMG_5317-960x720.jpg 960w, https:\/\/maisdonsursevre-steanne.fr\/wp-content\/uploads\/2016\/10\/IMG_5317-480x360.jpg 480w, https:\/\/maisdonsursevre-steanne.fr\/wp-content\/uploads\/2016\/10\/IMG_5317-320x240.jpg 320w, https:\/\/maisdonsursevre-steanne.fr\/wp-content\/uploads\/2016\/10\/IMG_5317-240x180.jpg 240w, https:\/\/maisdonsursevre-steanne.fr\/wp-content\/uploads\/2016\/10\/IMG_5317.jpg 2048w\" sizes=\"(max-width: 300px) 100vw, 300px\" \/><\/a><\/p>\n<p style=\"text-align: left;\"><span style=\"color: #00ff00;\">J&#8217;ai aim\u00e9 quand Jo nous a montr\u00e9 comment tirer le propulseur. Il sert \u00e0 lancer la fl\u00e8che plus loin.<\/span><\/p>\n<p style=\"text-align: left;\"><span style=\"color: #00ff00;\">Clovis<\/span><\/p>\n<p style=\"text-align: left;\"><a href=\"https:\/\/maisdonsursevre-steanne.fr\/wp-content\/uploads\/2016\/10\/IMG_5297.jpg\"><img loading=\"lazy\" decoding=\"async\" class=\"wp-image-1278 aligncenter\" src=\"https:\/\/maisdonsursevre-steanne.fr\/wp-content\/uploads\/2016\/10\/IMG_5297-225x300.jpg\" alt=\"img_5297\" width=\"264\" height=\"352\" srcset=\"https:\/\/maisdonsursevre-steanne.fr\/wp-content\/uploads\/2016\/10\/IMG_5297-225x300.jpg 225w, https:\/\/maisdonsursevre-steanne.fr\/wp-content\/uploads\/2016\/10\/IMG_5297-768x1024.jpg 768w, https:\/\/maisdonsursevre-steanne.fr\/wp-content\/uploads\/2016\/10\/IMG_5297-600x800.jpg 600w, https:\/\/maisdonsursevre-steanne.fr\/wp-content\/uploads\/2016\/10\/IMG_5297.jpg 1536w\" sizes=\"(max-width: 264px) 100vw, 264px\" \/><\/a><\/p>\n<p style=\"text-align: left;\"><span style=\"color: #ff6600;\">J&#8217;ai ador\u00e9 quand Annick nous a montr\u00e9 comment d\u00e9placer un menhir avec un tra\u00eeneau et des rondins de bois.<\/span><\/p>\n<p style=\"text-align: left;\"><span style=\"color: #ff6600;\">Maxime<\/span><\/p>\n<p style=\"text-align: center;\">\u00a0<a href=\"https:\/\/maisdonsursevre-steanne.fr\/wp-content\/uploads\/2016\/10\/IMG_5328.jpg\"><img loading=\"lazy\" decoding=\"async\" class=\"size-medium wp-image-1281 aligncenter\" src=\"https:\/\/maisdonsursevre-steanne.fr\/wp-content\/uploads\/2016\/10\/IMG_5328-300x225.jpg\" alt=\"img_5328\" width=\"300\" height=\"225\" srcset=\"https:\/\/maisdonsursevre-steanne.fr\/wp-content\/uploads\/2016\/10\/IMG_5328-300x225.jpg 300w, https:\/\/maisdonsursevre-steanne.fr\/wp-content\/uploads\/2016\/10\/IMG_5328-768x576.jpg 768w, https:\/\/maisdonsursevre-steanne.fr\/wp-content\/uploads\/2016\/10\/IMG_5328-1024x768.jpg 1024w, https:\/\/maisdonsursevre-steanne.fr\/wp-content\/uploads\/2016\/10\/IMG_5328-600x450.jpg 600w, https:\/\/maisdonsursevre-steanne.fr\/wp-content\/uploads\/2016\/10\/IMG_5328-960x720.jpg 960w, https:\/\/maisdonsursevre-steanne.fr\/wp-content\/uploads\/2016\/10\/IMG_5328-480x360.jpg 480w, https:\/\/maisdonsursevre-steanne.fr\/wp-content\/uploads\/2016\/10\/IMG_5328-320x240.jpg 320w, https:\/\/maisdonsursevre-steanne.fr\/wp-content\/uploads\/2016\/10\/IMG_5328-240x180.jpg 240w, https:\/\/maisdonsursevre-steanne.fr\/wp-content\/uploads\/2016\/10\/IMG_5328.jpg 2048w\" sizes=\"(max-width: 300px) 100vw, 300px\" \/><\/a><\/p>\n","protected":false},"excerpt":{"rendered":"<p>Lundi 4 octobre, nous sommes all\u00e9s au centre de la Pr\u00e9histoire en Vend\u00e9e. Voici quelques r\u00e9cits des \u00e9l\u00e8ves. &nbsp; J&#8217;ai aim\u00e9 quand Jo a fait du feu avec du bois de sapin et une branche de lierre. Grace \u00e0 un arc, il faisait frotter les deux bois et une sorte de poudre se formait. Ensuite,&hellip; <br \/> <a class=\"read-more\" href=\"https:\/\/maisdonsursevre-steanne.fr\/?p=1275\">Lire la suite<\/a><\/p>\n","protected":false},"author":11,"featured_media":0,"comment_status":"closed","ping_status":"closed","sticky":false,"template":"","format":"standard","meta":{"ngg_post_thumbnail":0,"footnotes":""},"categories":[9],"tags":[],"_links":{"self":[{"href":"https:\/\/maisdonsursevre-steanne.fr\/index.php?rest_route=\/wp\/v2\/posts\/1275"}],"collection":[{"href":"https:\/\/maisdonsursevre-steanne.fr\/index.php?rest_route=\/wp\/v2\/posts"}],"about":[{"href":"https:\/\/maisdonsursevre-steanne.fr\/index.php?rest_route=\/wp\/v2\/types\/post"}],"author":[{"embeddable":true,"href":"https:\/\/maisdonsursevre-steanne.fr\/index.php?rest_route=\/wp\/v2\/users\/11"}],"replies":[{"embeddable":true,"href":"https:\/\/maisdonsursevre-steanne.fr\/index.php?rest_route=%2Fwp%2Fv2%2Fcomments&post=1275"}],"version-history":[{"count":1,"href":"https:\/\/maisdonsursevre-steanne.fr\/index.php?rest_route=\/wp\/v2\/posts\/1275\/revisions"}],"predecessor-version":[{"id":6387,"href":"https:\/\/maisdonsursevre-steanne.fr\/index.php?rest_route=\/wp\/v2\/posts\/1275\/revisions\/6387"}],"wp:attachment":[{"href":"https:\/\/maisdonsursevre-steanne.fr\/index.php?rest_route=%2Fwp%2Fv2%2Fmedia&parent=1275"}],"wp:term":[{"taxonomy":"category","embeddable":true,"href":"https:\/\/maisdonsursevre-steanne.fr\/index.php?rest_route=%2Fwp%2Fv2%2Fcategories&post=1275"},{"taxonomy":"post_tag","embeddable":true,"href":"https:\/\/maisdonsursevre-steanne.fr\/index.php?rest_route=%2Fwp%2Fv2%2Ftags&post=1275"}],"curies":[{"name":"wp","href":"https:\/\/api.w.org\/{rel}","templated":true}]}}