{"id":1254,"date":"2016-10-02T14:31:13","date_gmt":"2016-10-02T13:31:13","guid":{"rendered":"https:\/\/maisdonsursevre-steanne.fr\/?p=1254"},"modified":"2025-11-20T19:53:50","modified_gmt":"2025-11-20T18:53:50","slug":"gouter-de-rentree-2","status":"publish","type":"post","link":"https:\/\/maisdonsursevre-steanne.fr\/?p=1254","title":{"rendered":"Go\u00fbter de rentr\u00e9e"},"content":{"rendered":"<p>Comme tous les ans, toute l&#8217;\u00e9cole a pris un gouter de rentr\u00e9e. Le matin, nous avons chant\u00e9 une chanson sur la rentr\u00e9e dans la salle de motricit\u00e9 avec toutes les classes. Lucie a pr\u00e9sent\u00e9 les nouveaux \u00e9l\u00e8ves. Ensuite, nous avons mang\u00e9 le gouter (brioche, carr\u00e9s de chocolat et jus de grenadine ou de menthe).\u00a0Le gouter \u00e9tait\u00a0tr\u00e8s bon.<\/p>\n<p>Le vendredi soir, nous avons rechant\u00e9 devant nos parents apr\u00e8s la classe. Nos parents \u00e9taient contents de nous \u00e9couter. Apr\u00e8s nous sommes all\u00e9s jouer dans la cour avec les copains.<\/p>\n<p><em>Kilian, P\u00e9n\u00e9lope, Otys et C\u00e9leste<a href=\"https:\/\/maisdonsursevre-steanne.fr\/wp-content\/uploads\/2016\/10\/DSC_0997.jpg\"><img loading=\"lazy\" decoding=\"async\" class=\"alignnone size-medium wp-image-1255\" src=\"https:\/\/maisdonsursevre-steanne.fr\/wp-content\/uploads\/2016\/10\/DSC_0997-300x169.jpg\" alt=\"dsc_0997\" width=\"300\" height=\"169\" srcset=\"https:\/\/maisdonsursevre-steanne.fr\/wp-content\/uploads\/2016\/10\/DSC_0997-300x169.jpg 300w, https:\/\/maisdonsursevre-steanne.fr\/wp-content\/uploads\/2016\/10\/DSC_0997-768x432.jpg 768w, https:\/\/maisdonsursevre-steanne.fr\/wp-content\/uploads\/2016\/10\/DSC_0997-1024x576.jpg 1024w, https:\/\/maisdonsursevre-steanne.fr\/wp-content\/uploads\/2016\/10\/DSC_0997-600x338.jpg 600w, https:\/\/maisdonsursevre-steanne.fr\/wp-content\/uploads\/2016\/10\/DSC_0997.jpg 2048w\" sizes=\"(max-width: 300px) 100vw, 300px\" \/><\/a><\/em><\/p>\n","protected":false},"excerpt":{"rendered":"<p>Comme tous les ans, toute l&#8217;\u00e9cole a pris un gouter de rentr\u00e9e. Le matin, nous avons chant\u00e9 une chanson sur la rentr\u00e9e dans la salle de motricit\u00e9 avec toutes les classes. Lucie a pr\u00e9sent\u00e9 les nouveaux \u00e9l\u00e8ves. Ensuite, nous avons mang\u00e9 le gouter (brioche, carr\u00e9s de chocolat et jus de grenadine ou de menthe).\u00a0Le gouter&hellip; <br \/> <a class=\"read-more\" href=\"https:\/\/maisdonsursevre-steanne.fr\/?p=1254\">Lire la suite<\/a><\/p>\n","protected":false},"author":11,"featured_media":0,"comment_status":"closed","ping_status":"closed","sticky":false,"template":"","format":"standard","meta":{"ngg_post_thumbnail":0,"footnotes":""},"categories":[9],"tags":[],"_links":{"self":[{"href":"https:\/\/maisdonsursevre-steanne.fr\/index.php?rest_route=\/wp\/v2\/posts\/1254"}],"collection":[{"href":"https:\/\/maisdonsursevre-steanne.fr\/index.php?rest_route=\/wp\/v2\/posts"}],"about":[{"href":"https:\/\/maisdonsursevre-steanne.fr\/index.php?rest_route=\/wp\/v2\/types\/post"}],"author":[{"embeddable":true,"href":"https:\/\/maisdonsursevre-steanne.fr\/index.php?rest_route=\/wp\/v2\/users\/11"}],"replies":[{"embeddable":true,"href":"https:\/\/maisdonsursevre-steanne.fr\/index.php?rest_route=%2Fwp%2Fv2%2Fcomments&post=1254"}],"version-history":[{"count":1,"href":"https:\/\/maisdonsursevre-steanne.fr\/index.php?rest_route=\/wp\/v2\/posts\/1254\/revisions"}],"predecessor-version":[{"id":6389,"href":"https:\/\/maisdonsursevre-steanne.fr\/index.php?rest_route=\/wp\/v2\/posts\/1254\/revisions\/6389"}],"wp:attachment":[{"href":"https:\/\/maisdonsursevre-steanne.fr\/index.php?rest_route=%2Fwp%2Fv2%2Fmedia&parent=1254"}],"wp:term":[{"taxonomy":"category","embeddable":true,"href":"https:\/\/maisdonsursevre-steanne.fr\/index.php?rest_route=%2Fwp%2Fv2%2Fcategories&post=1254"},{"taxonomy":"post_tag","embeddable":true,"href":"https:\/\/maisdonsursevre-steanne.fr\/index.php?rest_route=%2Fwp%2Fv2%2Ftags&post=1254"}],"curies":[{"name":"wp","href":"https:\/\/api.w.org\/{rel}","templated":true}]}}