{"id":1245,"date":"2016-09-30T16:35:43","date_gmt":"2016-09-30T15:35:43","guid":{"rendered":"https:\/\/maisdonsursevre-steanne.fr\/?p=1245"},"modified":"2025-11-20T19:54:07","modified_gmt":"2025-11-20T18:54:07","slug":"jus-de-raisin","status":"publish","type":"post","link":"https:\/\/maisdonsursevre-steanne.fr\/?p=1245","title":{"rendered":"Jus de raisin"},"content":{"rendered":"<p>Comme vous avez pu le remarquer en ce moment, ce sont les vendanges&#8230;..et une fois n&#8217;est pas coutume nous avons go\u00fbt\u00e9 du jus de raisin apport\u00e9 par Margaux.<\/p>\n<p>C&#8217;\u00e9tait bon!<\/p>\n<p><a href=\"https:\/\/maisdonsursevre-steanne.fr\/wp-content\/uploads\/2016\/09\/jus-de-raisin-1.jpg\"><img loading=\"lazy\" decoding=\"async\" class=\"wp-image-1247 aligncenter\" src=\"https:\/\/maisdonsursevre-steanne.fr\/wp-content\/uploads\/2016\/09\/jus-de-raisin-1-300x225.jpg\" alt=\"jus-de-raisin\" width=\"471\" height=\"353\" srcset=\"https:\/\/maisdonsursevre-steanne.fr\/wp-content\/uploads\/2016\/09\/jus-de-raisin-1-300x225.jpg 300w, https:\/\/maisdonsursevre-steanne.fr\/wp-content\/uploads\/2016\/09\/jus-de-raisin-1-768x576.jpg 768w, https:\/\/maisdonsursevre-steanne.fr\/wp-content\/uploads\/2016\/09\/jus-de-raisin-1-1024x768.jpg 1024w, https:\/\/maisdonsursevre-steanne.fr\/wp-content\/uploads\/2016\/09\/jus-de-raisin-1-600x450.jpg 600w, https:\/\/maisdonsursevre-steanne.fr\/wp-content\/uploads\/2016\/09\/jus-de-raisin-1-960x720.jpg 960w, https:\/\/maisdonsursevre-steanne.fr\/wp-content\/uploads\/2016\/09\/jus-de-raisin-1-480x360.jpg 480w, https:\/\/maisdonsursevre-steanne.fr\/wp-content\/uploads\/2016\/09\/jus-de-raisin-1-320x240.jpg 320w, https:\/\/maisdonsursevre-steanne.fr\/wp-content\/uploads\/2016\/09\/jus-de-raisin-1-240x180.jpg 240w, https:\/\/maisdonsursevre-steanne.fr\/wp-content\/uploads\/2016\/09\/jus-de-raisin-1.jpg 2048w\" sizes=\"(max-width: 471px) 100vw, 471px\" \/><\/a><\/p>\n","protected":false},"excerpt":{"rendered":"<p>Comme vous avez pu le remarquer en ce moment, ce sont les vendanges&#8230;..et une fois n&#8217;est pas coutume nous avons go\u00fbt\u00e9 du jus de raisin apport\u00e9 par Margaux. C&#8217;\u00e9tait bon!<\/p>\n","protected":false},"author":11,"featured_media":0,"comment_status":"closed","ping_status":"closed","sticky":false,"template":"","format":"standard","meta":{"ngg_post_thumbnail":0,"footnotes":""},"categories":[9],"tags":[],"_links":{"self":[{"href":"https:\/\/maisdonsursevre-steanne.fr\/index.php?rest_route=\/wp\/v2\/posts\/1245"}],"collection":[{"href":"https:\/\/maisdonsursevre-steanne.fr\/index.php?rest_route=\/wp\/v2\/posts"}],"about":[{"href":"https:\/\/maisdonsursevre-steanne.fr\/index.php?rest_route=\/wp\/v2\/types\/post"}],"author":[{"embeddable":true,"href":"https:\/\/maisdonsursevre-steanne.fr\/index.php?rest_route=\/wp\/v2\/users\/11"}],"replies":[{"embeddable":true,"href":"https:\/\/maisdonsursevre-steanne.fr\/index.php?rest_route=%2Fwp%2Fv2%2Fcomments&post=1245"}],"version-history":[{"count":1,"href":"https:\/\/maisdonsursevre-steanne.fr\/index.php?rest_route=\/wp\/v2\/posts\/1245\/revisions"}],"predecessor-version":[{"id":6391,"href":"https:\/\/maisdonsursevre-steanne.fr\/index.php?rest_route=\/wp\/v2\/posts\/1245\/revisions\/6391"}],"wp:attachment":[{"href":"https:\/\/maisdonsursevre-steanne.fr\/index.php?rest_route=%2Fwp%2Fv2%2Fmedia&parent=1245"}],"wp:term":[{"taxonomy":"category","embeddable":true,"href":"https:\/\/maisdonsursevre-steanne.fr\/index.php?rest_route=%2Fwp%2Fv2%2Fcategories&post=1245"},{"taxonomy":"post_tag","embeddable":true,"href":"https:\/\/maisdonsursevre-steanne.fr\/index.php?rest_route=%2Fwp%2Fv2%2Ftags&post=1245"}],"curies":[{"name":"wp","href":"https:\/\/api.w.org\/{rel}","templated":true}]}}