{"id":1238,"date":"2016-09-30T16:37:52","date_gmt":"2016-09-30T15:37:52","guid":{"rendered":"https:\/\/maisdonsursevre-steanne.fr\/?p=1238"},"modified":"2025-11-20T19:54:00","modified_gmt":"2025-11-20T18:54:00","slug":"nos-delegues-2016-2017","status":"publish","type":"post","link":"https:\/\/maisdonsursevre-steanne.fr\/?p=1238","title":{"rendered":"Nos d\u00e9l\u00e9gu\u00e9s 2016-2017"},"content":{"rendered":"<p>Hier, jeudi 29 septembre, nous avons \u00e9lu Louise et Gabrielle comme d\u00e9l\u00e9gu\u00e9s de notre classe.<\/p>\n<p>Elles seront charg\u00e9es de nous repr\u00e9senter lors des r\u00e9unions avec Lucie.<\/p>\n<p>F\u00e9licitations!<\/p>\n<p style=\"text-align: center;\"><a href=\"https:\/\/maisdonsursevre-steanne.fr\/wp-content\/uploads\/2016\/09\/d\u00e9l\u00e9gu\u00e9s.jpg\"><img loading=\"lazy\" decoding=\"async\" class=\"alignnone  wp-image-1250\" src=\"https:\/\/maisdonsursevre-steanne.fr\/wp-content\/uploads\/2016\/09\/d\u00e9l\u00e9gu\u00e9s-300x225.jpg\" alt=\"delegues\" width=\"367\" height=\"275\" srcset=\"https:\/\/maisdonsursevre-steanne.fr\/wp-content\/uploads\/2016\/09\/d\u00e9l\u00e9gu\u00e9s-300x225.jpg 300w, https:\/\/maisdonsursevre-steanne.fr\/wp-content\/uploads\/2016\/09\/d\u00e9l\u00e9gu\u00e9s-768x576.jpg 768w, https:\/\/maisdonsursevre-steanne.fr\/wp-content\/uploads\/2016\/09\/d\u00e9l\u00e9gu\u00e9s-1024x768.jpg 1024w, https:\/\/maisdonsursevre-steanne.fr\/wp-content\/uploads\/2016\/09\/d\u00e9l\u00e9gu\u00e9s-600x450.jpg 600w, https:\/\/maisdonsursevre-steanne.fr\/wp-content\/uploads\/2016\/09\/d\u00e9l\u00e9gu\u00e9s-960x720.jpg 960w, https:\/\/maisdonsursevre-steanne.fr\/wp-content\/uploads\/2016\/09\/d\u00e9l\u00e9gu\u00e9s-480x360.jpg 480w, https:\/\/maisdonsursevre-steanne.fr\/wp-content\/uploads\/2016\/09\/d\u00e9l\u00e9gu\u00e9s-320x240.jpg 320w, https:\/\/maisdonsursevre-steanne.fr\/wp-content\/uploads\/2016\/09\/d\u00e9l\u00e9gu\u00e9s-240x180.jpg 240w, https:\/\/maisdonsursevre-steanne.fr\/wp-content\/uploads\/2016\/09\/d\u00e9l\u00e9gu\u00e9s.jpg 2048w\" sizes=\"(max-width: 367px) 100vw, 367px\" \/><\/a><\/p>\n<p>&nbsp;<\/p>\n","protected":false},"excerpt":{"rendered":"<p>Hier, jeudi 29 septembre, nous avons \u00e9lu Louise et Gabrielle comme d\u00e9l\u00e9gu\u00e9s de notre classe. Elles seront charg\u00e9es de nous repr\u00e9senter lors des r\u00e9unions avec Lucie. F\u00e9licitations! &nbsp;<\/p>\n","protected":false},"author":11,"featured_media":0,"comment_status":"closed","ping_status":"closed","sticky":false,"template":"","format":"standard","meta":{"ngg_post_thumbnail":0,"footnotes":""},"categories":[9],"tags":[],"_links":{"self":[{"href":"https:\/\/maisdonsursevre-steanne.fr\/index.php?rest_route=\/wp\/v2\/posts\/1238"}],"collection":[{"href":"https:\/\/maisdonsursevre-steanne.fr\/index.php?rest_route=\/wp\/v2\/posts"}],"about":[{"href":"https:\/\/maisdonsursevre-steanne.fr\/index.php?rest_route=\/wp\/v2\/types\/post"}],"author":[{"embeddable":true,"href":"https:\/\/maisdonsursevre-steanne.fr\/index.php?rest_route=\/wp\/v2\/users\/11"}],"replies":[{"embeddable":true,"href":"https:\/\/maisdonsursevre-steanne.fr\/index.php?rest_route=%2Fwp%2Fv2%2Fcomments&post=1238"}],"version-history":[{"count":1,"href":"https:\/\/maisdonsursevre-steanne.fr\/index.php?rest_route=\/wp\/v2\/posts\/1238\/revisions"}],"predecessor-version":[{"id":6390,"href":"https:\/\/maisdonsursevre-steanne.fr\/index.php?rest_route=\/wp\/v2\/posts\/1238\/revisions\/6390"}],"wp:attachment":[{"href":"https:\/\/maisdonsursevre-steanne.fr\/index.php?rest_route=%2Fwp%2Fv2%2Fmedia&parent=1238"}],"wp:term":[{"taxonomy":"category","embeddable":true,"href":"https:\/\/maisdonsursevre-steanne.fr\/index.php?rest_route=%2Fwp%2Fv2%2Fcategories&post=1238"},{"taxonomy":"post_tag","embeddable":true,"href":"https:\/\/maisdonsursevre-steanne.fr\/index.php?rest_route=%2Fwp%2Fv2%2Ftags&post=1238"}],"curies":[{"name":"wp","href":"https:\/\/api.w.org\/{rel}","templated":true}]}}