{"id":1153,"date":"2016-06-01T16:58:16","date_gmt":"2016-06-01T15:58:16","guid":{"rendered":"https:\/\/maisdonsursevre-steanne.fr\/?p=1153"},"modified":"2019-01-04T14:23:22","modified_gmt":"2019-01-04T13:23:22","slug":"journee-sportive-2","status":"publish","type":"post","link":"https:\/\/maisdonsursevre-steanne.fr\/?p=1153","title":{"rendered":"journ\u00e9e sportive"},"content":{"rendered":"<p>Vendredi 13 mai 2016, avec les \u00e9l\u00e8ves de CM1 et CM2 des \u00e9coles du Bignon, d\u2019Aigrefeuille, de Montbert, de Remouill\u00e9, de la Planche et de Vieillevigne, nous avons particip\u00e9 \u00e0 un \u00e9v\u00e9nement<\/p>\n<p>ngg_shortcode_0_placeholdersportif. Plusieurs activit\u00e9s nous \u00e9taient propos\u00e9es&nbsp;:<\/p>\n<ul>\n<li>Corde \u00e0 sauter<\/li>\n<li>Saut<\/li>\n<li>Lancer<\/li>\n<li>Foot<\/li>\n<li>Danse country<\/li>\n<li>Quiz euro 2016<\/li>\n<\/ul>\n<p>Le midi nous avons pique-niqu\u00e9 dans les locaux \u00e0 cause de la pluie mais \u00e7a ne nous a pas emp\u00each\u00e9s de manger dans une bonne ambiance. Pour clore la journ\u00e9e nous avons dans\u00e9 la country, c\u2019\u00e9tait amusant et convivial&nbsp;!<\/p>\n<p>De retour \u00e0 l\u2019\u00e9cole, la coupe des champions nous a \u00e9t\u00e9 officiellement remise avec pour chacun une casquette d\u00e9dicac\u00e9e par les enseignantes, la classe !!!<\/p>\n","protected":false},"excerpt":{"rendered":"<p>Vendredi 13 mai 2016, avec les \u00e9l\u00e8ves de CM1 et CM2 des \u00e9coles du Bignon, d\u2019Aigrefeuille, de Montbert, de Remouill\u00e9, de la Planche et de Vieillevigne, nous avons particip\u00e9 \u00e0 un \u00e9v\u00e9nement sportif. Plusieurs activit\u00e9s nous \u00e9taient propos\u00e9es&nbsp;: Corde \u00e0 sauter Saut Lancer Foot Danse country Quiz euro 2016 Le midi nous avons pique-niqu\u00e9 dans&hellip; <br \/> <a class=\"read-more\" href=\"https:\/\/maisdonsursevre-steanne.fr\/?p=1153\">Lire la suite<\/a><\/p>\n","protected":false},"author":11,"featured_media":0,"comment_status":"closed","ping_status":"closed","sticky":false,"template":"","format":"standard","meta":{"ngg_post_thumbnail":0,"footnotes":""},"categories":[9],"tags":[],"_links":{"self":[{"href":"https:\/\/maisdonsursevre-steanne.fr\/index.php?rest_route=\/wp\/v2\/posts\/1153"}],"collection":[{"href":"https:\/\/maisdonsursevre-steanne.fr\/index.php?rest_route=\/wp\/v2\/posts"}],"about":[{"href":"https:\/\/maisdonsursevre-steanne.fr\/index.php?rest_route=\/wp\/v2\/types\/post"}],"author":[{"embeddable":true,"href":"https:\/\/maisdonsursevre-steanne.fr\/index.php?rest_route=\/wp\/v2\/users\/11"}],"replies":[{"embeddable":true,"href":"https:\/\/maisdonsursevre-steanne.fr\/index.php?rest_route=%2Fwp%2Fv2%2Fcomments&post=1153"}],"version-history":[{"count":0,"href":"https:\/\/maisdonsursevre-steanne.fr\/index.php?rest_route=\/wp\/v2\/posts\/1153\/revisions"}],"wp:attachment":[{"href":"https:\/\/maisdonsursevre-steanne.fr\/index.php?rest_route=%2Fwp%2Fv2%2Fmedia&parent=1153"}],"wp:term":[{"taxonomy":"category","embeddable":true,"href":"https:\/\/maisdonsursevre-steanne.fr\/index.php?rest_route=%2Fwp%2Fv2%2Fcategories&post=1153"},{"taxonomy":"post_tag","embeddable":true,"href":"https:\/\/maisdonsursevre-steanne.fr\/index.php?rest_route=%2Fwp%2Fv2%2Ftags&post=1153"}],"curies":[{"name":"wp","href":"https:\/\/api.w.org\/{rel}","templated":true}]}}