{"id":1136,"date":"2016-05-18T20:39:52","date_gmt":"2016-05-18T19:39:52","guid":{"rendered":"https:\/\/maisdonsursevre-steanne.fr\/?p=1136"},"modified":"2025-11-20T19:57:38","modified_gmt":"2025-11-20T18:57:38","slug":"puy-du-fou-2","status":"publish","type":"post","link":"https:\/\/maisdonsursevre-steanne.fr\/?p=1136","title":{"rendered":"Puy du Fou"},"content":{"rendered":"<p>Le vendredi 22 avril, nous sommes arriv\u00e9s t\u00f4t le matin \u00e0 l&#8217;\u00e9cole \u00e0 7h30. Nous sommes all\u00e9s dans la cour pour mettre nos \u00e9tiquettes et attendre le car.\u00a0 Au Puy du Fou, nous avons pris nos entr\u00e9es.\u00a0 Nous sommes all\u00e9s voir les Fables de La Fontaine comme le Corbeau et le Renard, le Ch\u00eane et le Roseau, la Poule aux oeufs d&#8217;or ou la Grenouille qui se veut aussi grosse que le Boeuf. Mais avant les fables, nous avons d\u00e9couvert la Renaissance du ch\u00e2teau. Nous sommes entr\u00e9s dans ce ch\u00e2teau et une dame\u00a0a lu une devise qui n&#8217;\u00e9tait pas finie &#8221; A jamais..&#8221;.\u00a0 Nous devions d\u00e9couvrir la fin de la devise pendant la visite.<\/p>\n<p>Ensuite,\u00a0direction la nouveaut\u00e9 2016, le Dernier Panache. Ce spectacle raconte l&#8217;histoire de Charette, officier de marine qui va se battre aux c\u00f4t\u00e9s des vend\u00e9ens pendant la Terreur. On ne vous en dit pas plus&#8230;<\/p>\n<p>Apr\u00e8s le Dernier Panache, nous avons regard\u00e9 un magnifque spectacle Les Mousquetaires de Richelieu compos\u00e9 d&#8217;action, de danse et de th\u00e9\u00e2tre. Une histoire qui donne beaucoup d&#8217;\u00e9motions!!!<\/p>\n<p>Puis c&#8217;\u00e9tait l&#8217;heure du pique-nique dans les tribunes du Secret de la Lance. Il raconte la guerre de cent ans qui opposait fran\u00e7ais et anglais avec Jeanne d&#8217;Arc. Une jeune femme Marguerite doit prot\u00e9ger le ch\u00e2teau contre les anglais avec une lance magique&#8230;.<\/p>\n<p>Ensuite, nous sommes partis au fameux Signe du Triomphe qui se passe dans une ar\u00e8ne. Les romains se battent contre les gaulois chr\u00e9tiens car ils ne veulent pas faire le culte \u00e0 l&#8217;empereur. Dans ce spectacle, nous avons assist\u00e9 \u00e0 une pr\u00e9sentation d&#8217;animaux et prisonniers des romains\u00a0et ensuite\u00a0les chr\u00e9tiens subissent les \u00e9preuves des jeux.<\/p>\n<p>Toute la classe est all\u00e9e voir les Vikings. D\u00e9s le d\u00e9but, des acteurs sont venus chercher des parents: Val\u00e9rie, Samuel, Estelle pour jouer dans le spectacle. Ils jouaient le r\u00f4le des villageois. Samuel a m\u00eame jou\u00e9 celui d&#8217;un Viking!<\/p>\n<p>Nous avons profit\u00e9 d&#8217;une pause dans notre programme pour visiter la cit\u00e9 m\u00e9di\u00e9vale et \u00e9couter et admirer les Grandes Eaux. Nous avons pris le gouter pendant que Lully faisait danser les jets d&#8217;eau sur de la musique classique.<\/p>\n<p>Pour finir, nous avons d\u00e9couvert une tranch\u00e9e \u00e0 Verdun durant la guerre 1914\/1918 dans les Amoureux de Verdun. La tranch\u00e9e \u00e9tait sombre, bruyante&#8230;Nous avons vu des soldats, des infirmi\u00e8res, des masques \u00e0 gaz, des armes&#8230;. Cela impressionne et surprend.<\/p>\n<p>Avant de partir, nous avons voyag\u00e9 dans le temps (Antiquit\u00e9, Moyen-Age; Renaissance et Temps Modernes) avec l&#8217;Odyss\u00e9e du Puy du Fou.<\/p>\n<p>Nous avons ador\u00e9 ce parc et pass\u00e9 une excellente journ\u00e9e. Pour certains, c&#8217;\u00e9tait une premi\u00e8re d\u00e9couverte. Il m\u00e9rite bien son titre de meilleur parc du monde.<\/p>\n<p>La classe de CM1<\/p>\n<p>&nbsp;<\/p>\n","protected":false},"excerpt":{"rendered":"<p>Le vendredi 22 avril, nous sommes arriv\u00e9s t\u00f4t le matin \u00e0 l&#8217;\u00e9cole \u00e0 7h30. Nous sommes all\u00e9s dans la cour pour mettre nos \u00e9tiquettes et attendre le car.\u00a0 Au Puy du Fou, nous avons pris nos entr\u00e9es.\u00a0 Nous sommes all\u00e9s voir les Fables de La Fontaine comme le Corbeau et le Renard, le Ch\u00eane et&hellip; <br \/> <a class=\"read-more\" href=\"https:\/\/maisdonsursevre-steanne.fr\/?p=1136\">Lire la suite<\/a><\/p>\n","protected":false},"author":11,"featured_media":0,"comment_status":"closed","ping_status":"closed","sticky":false,"template":"","format":"standard","meta":{"ngg_post_thumbnail":0,"footnotes":""},"categories":[9],"tags":[],"_links":{"self":[{"href":"https:\/\/maisdonsursevre-steanne.fr\/index.php?rest_route=\/wp\/v2\/posts\/1136"}],"collection":[{"href":"https:\/\/maisdonsursevre-steanne.fr\/index.php?rest_route=\/wp\/v2\/posts"}],"about":[{"href":"https:\/\/maisdonsursevre-steanne.fr\/index.php?rest_route=\/wp\/v2\/types\/post"}],"author":[{"embeddable":true,"href":"https:\/\/maisdonsursevre-steanne.fr\/index.php?rest_route=\/wp\/v2\/users\/11"}],"replies":[{"embeddable":true,"href":"https:\/\/maisdonsursevre-steanne.fr\/index.php?rest_route=%2Fwp%2Fv2%2Fcomments&post=1136"}],"version-history":[{"count":1,"href":"https:\/\/maisdonsursevre-steanne.fr\/index.php?rest_route=\/wp\/v2\/posts\/1136\/revisions"}],"predecessor-version":[{"id":6409,"href":"https:\/\/maisdonsursevre-steanne.fr\/index.php?rest_route=\/wp\/v2\/posts\/1136\/revisions\/6409"}],"wp:attachment":[{"href":"https:\/\/maisdonsursevre-steanne.fr\/index.php?rest_route=%2Fwp%2Fv2%2Fmedia&parent=1136"}],"wp:term":[{"taxonomy":"category","embeddable":true,"href":"https:\/\/maisdonsursevre-steanne.fr\/index.php?rest_route=%2Fwp%2Fv2%2Fcategories&post=1136"},{"taxonomy":"post_tag","embeddable":true,"href":"https:\/\/maisdonsursevre-steanne.fr\/index.php?rest_route=%2Fwp%2Fv2%2Ftags&post=1136"}],"curies":[{"name":"wp","href":"https:\/\/api.w.org\/{rel}","templated":true}]}}