{"id":1075,"date":"2016-05-10T11:35:50","date_gmt":"2016-05-10T10:35:50","guid":{"rendered":"https:\/\/maisdonsursevre-steanne.fr\/?p=1075"},"modified":"2016-05-10T11:35:50","modified_gmt":"2016-05-10T10:35:50","slug":"en-seance-vocabulaire-nous-sommes-de-vraies-lumieres","status":"publish","type":"post","link":"https:\/\/maisdonsursevre-steanne.fr\/?p=1075","title":{"rendered":"En s\u00e9ance vocabulaire nous sommes de vraies lumi\u00e8res !"},"content":{"rendered":"<p>A partir de l\u2019ouvrage d\u2019Alain Le Saux nous avons cr\u00e9\u00e9 des affiches. On peut y voir\u00a0: une phrase au sens figur\u00e9 (tir\u00e9 du livre) et \u00e0 c\u00f4t\u00e9 le dessin au sens propre (tir\u00e9 de notre imagination).<\/p>\n<p><a href=\"https:\/\/maisdonsursevre-steanne.fr\/wp-content\/uploads\/2016\/05\/Vocabulaire-CM2.jpg\"><img loading=\"lazy\" decoding=\"async\" class=\" wp-image-1076 aligncenter\" src=\"https:\/\/maisdonsursevre-steanne.fr\/wp-content\/uploads\/2016\/05\/Vocabulaire-CM2-300x225.jpg\" alt=\"Vocabulaire CM2\" width=\"385\" height=\"289\" srcset=\"https:\/\/maisdonsursevre-steanne.fr\/wp-content\/uploads\/2016\/05\/Vocabulaire-CM2-300x225.jpg 300w, https:\/\/maisdonsursevre-steanne.fr\/wp-content\/uploads\/2016\/05\/Vocabulaire-CM2-768x576.jpg 768w, https:\/\/maisdonsursevre-steanne.fr\/wp-content\/uploads\/2016\/05\/Vocabulaire-CM2-1024x768.jpg 1024w, https:\/\/maisdonsursevre-steanne.fr\/wp-content\/uploads\/2016\/05\/Vocabulaire-CM2-600x450.jpg 600w, https:\/\/maisdonsursevre-steanne.fr\/wp-content\/uploads\/2016\/05\/Vocabulaire-CM2-960x720.jpg 960w, https:\/\/maisdonsursevre-steanne.fr\/wp-content\/uploads\/2016\/05\/Vocabulaire-CM2-480x360.jpg 480w, https:\/\/maisdonsursevre-steanne.fr\/wp-content\/uploads\/2016\/05\/Vocabulaire-CM2-320x240.jpg 320w, https:\/\/maisdonsursevre-steanne.fr\/wp-content\/uploads\/2016\/05\/Vocabulaire-CM2-240x180.jpg 240w, https:\/\/maisdonsursevre-steanne.fr\/wp-content\/uploads\/2016\/05\/Vocabulaire-CM2.jpg 2048w\" sizes=\"(max-width: 385px) 100vw, 385px\" \/><\/a><\/p>\n","protected":false},"excerpt":{"rendered":"<p>A partir de l\u2019ouvrage d\u2019Alain Le Saux nous avons cr\u00e9\u00e9 des affiches. On peut y voir\u00a0: une phrase au sens figur\u00e9 (tir\u00e9 du livre) et \u00e0 c\u00f4t\u00e9 le dessin au sens propre (tir\u00e9 de notre imagination).<\/p>\n","protected":false},"author":11,"featured_media":0,"comment_status":"closed","ping_status":"closed","sticky":false,"template":"","format":"standard","meta":{"ngg_post_thumbnail":0,"footnotes":""},"categories":[9],"tags":[],"_links":{"self":[{"href":"https:\/\/maisdonsursevre-steanne.fr\/index.php?rest_route=\/wp\/v2\/posts\/1075"}],"collection":[{"href":"https:\/\/maisdonsursevre-steanne.fr\/index.php?rest_route=\/wp\/v2\/posts"}],"about":[{"href":"https:\/\/maisdonsursevre-steanne.fr\/index.php?rest_route=\/wp\/v2\/types\/post"}],"author":[{"embeddable":true,"href":"https:\/\/maisdonsursevre-steanne.fr\/index.php?rest_route=\/wp\/v2\/users\/11"}],"replies":[{"embeddable":true,"href":"https:\/\/maisdonsursevre-steanne.fr\/index.php?rest_route=%2Fwp%2Fv2%2Fcomments&post=1075"}],"version-history":[{"count":0,"href":"https:\/\/maisdonsursevre-steanne.fr\/index.php?rest_route=\/wp\/v2\/posts\/1075\/revisions"}],"wp:attachment":[{"href":"https:\/\/maisdonsursevre-steanne.fr\/index.php?rest_route=%2Fwp%2Fv2%2Fmedia&parent=1075"}],"wp:term":[{"taxonomy":"category","embeddable":true,"href":"https:\/\/maisdonsursevre-steanne.fr\/index.php?rest_route=%2Fwp%2Fv2%2Fcategories&post=1075"},{"taxonomy":"post_tag","embeddable":true,"href":"https:\/\/maisdonsursevre-steanne.fr\/index.php?rest_route=%2Fwp%2Fv2%2Ftags&post=1075"}],"curies":[{"name":"wp","href":"https:\/\/api.w.org\/{rel}","templated":true}]}}