{"id":1062,"date":"2016-04-18T20:38:49","date_gmt":"2016-04-18T19:38:49","guid":{"rendered":"https:\/\/maisdonsursevre-steanne.fr\/?p=1062"},"modified":"2025-11-20T19:58:36","modified_gmt":"2025-11-20T18:58:36","slug":"chasse-aux-oeufs","status":"publish","type":"post","link":"https:\/\/maisdonsursevre-steanne.fr\/?p=1062","title":{"rendered":"Chasse aux oeufs"},"content":{"rendered":"<p>Le vendredi 1er avril, nous avons r\u00e9alis\u00e9 une chasse aux oeufs avec la classe de Laurence.<\/p>\n<p>A la r\u00e9cr\u00e9ation, Lillian, Capucine et Maxence ont pr\u00e9par\u00e9 les oeufs en chocolat dans\u00a03 boites. Puis tous les \u00e9l\u00e8ves ont cach\u00e9 des oeufs dans la cour des grands, des petits et dans le jardin. Ils \u00e9taient\u00a0cach\u00e9s dans les jeux des deux cours, dans le pr\u00e9au, les jardins&#8230;\u00a0Puis nous sommes all\u00e9s chercher les petits dans leur classe et chaque petit devait chercher un oeuf de la couleur de son groupe (bleu, rouge, jaune, rose ou vert).<\/p>\n<p>Les petits n&#8217;ont pas r\u00e9ussi \u00e0 trouver tous les oeufs car ils \u00e9taient bien cach\u00e9s\u00a0!<\/p>\n<p>A la fin de la chasse, nous avons aussi mang\u00e9 des chocolats!<\/p>\nngg_shortcode_0_placeholder\n<p>&nbsp;<\/p>\n","protected":false},"excerpt":{"rendered":"<p>Le vendredi 1er avril, nous avons r\u00e9alis\u00e9 une chasse aux oeufs avec la classe de Laurence. A la r\u00e9cr\u00e9ation, Lillian, Capucine et Maxence ont pr\u00e9par\u00e9 les oeufs en chocolat dans\u00a03 boites. Puis tous les \u00e9l\u00e8ves ont cach\u00e9 des oeufs dans la cour des grands, des petits et dans le jardin. Ils \u00e9taient\u00a0cach\u00e9s dans les jeux&hellip; <br \/> <a class=\"read-more\" href=\"https:\/\/maisdonsursevre-steanne.fr\/?p=1062\">Lire la suite<\/a><\/p>\n","protected":false},"author":11,"featured_media":0,"comment_status":"closed","ping_status":"closed","sticky":false,"template":"","format":"standard","meta":{"ngg_post_thumbnail":0,"footnotes":""},"categories":[9],"tags":[],"_links":{"self":[{"href":"https:\/\/maisdonsursevre-steanne.fr\/index.php?rest_route=\/wp\/v2\/posts\/1062"}],"collection":[{"href":"https:\/\/maisdonsursevre-steanne.fr\/index.php?rest_route=\/wp\/v2\/posts"}],"about":[{"href":"https:\/\/maisdonsursevre-steanne.fr\/index.php?rest_route=\/wp\/v2\/types\/post"}],"author":[{"embeddable":true,"href":"https:\/\/maisdonsursevre-steanne.fr\/index.php?rest_route=\/wp\/v2\/users\/11"}],"replies":[{"embeddable":true,"href":"https:\/\/maisdonsursevre-steanne.fr\/index.php?rest_route=%2Fwp%2Fv2%2Fcomments&post=1062"}],"version-history":[{"count":1,"href":"https:\/\/maisdonsursevre-steanne.fr\/index.php?rest_route=\/wp\/v2\/posts\/1062\/revisions"}],"predecessor-version":[{"id":6412,"href":"https:\/\/maisdonsursevre-steanne.fr\/index.php?rest_route=\/wp\/v2\/posts\/1062\/revisions\/6412"}],"wp:attachment":[{"href":"https:\/\/maisdonsursevre-steanne.fr\/index.php?rest_route=%2Fwp%2Fv2%2Fmedia&parent=1062"}],"wp:term":[{"taxonomy":"category","embeddable":true,"href":"https:\/\/maisdonsursevre-steanne.fr\/index.php?rest_route=%2Fwp%2Fv2%2Fcategories&post=1062"},{"taxonomy":"post_tag","embeddable":true,"href":"https:\/\/maisdonsursevre-steanne.fr\/index.php?rest_route=%2Fwp%2Fv2%2Ftags&post=1062"}],"curies":[{"name":"wp","href":"https:\/\/api.w.org\/{rel}","templated":true}]}}